{"id":524435,"date":"2025-11-10T07:38:11","date_gmt":"2025-11-10T07:38:11","guid":{"rendered":"https:\/\/www.europesays.com\/fr\/524435\/"},"modified":"2025-11-10T07:38:11","modified_gmt":"2025-11-10T07:38:11","slug":"la-luminescence-florale-par-michel-tavernier-sexpose-dans-le-hall-de-la-mairie-de-saint-remy-info-chalon-com","status":"publish","type":"post","link":"https:\/\/www.europesays.com\/fr\/524435\/","title":{"rendered":"La luminescence florale par Michel Tavernier s\u2019expose dans le hall de la mairie de Saint R\u00e9my. &#8211; info-chalon.com"},"content":{"rendered":"<p>Les couleurs flamboyantes des toiles du peintre, Michel Tavernier, sont rentr\u00e9es ce vendredi 7 novembre dans le hall de la mairie apportant chaleur et lumi\u00e8re en cette p\u00e9riode automnale.<\/p>\n<p style=\"text-align: justify;\">Une exposition qui va remplir de lumi\u00e8re l\u2019accueil de la mairie avec cette touche prononc\u00e9e pour les couleurs vives et \u00e9clatantes comme le rouge.<\/p>\n<p style=\"text-align: justify;\">Une fois de plus le choix tr\u00e8s judicieux d\u2019<strong>Am\u00e9lie Vion<\/strong>, adjointe \u00e0 la mairie et en charge de ces expositions, refl\u00e8te la pr\u00e9paration des f\u00eates de No\u00ebl qui approchent \u00e0 grand pas et cette envie d\u2019apporter \u00e9clat et luminosit\u00e9 aux portes de l\u2019hiver.<\/p>\n<p style=\"text-align: justify;\">\u00a0<\/p>\n<p style=\"text-align: center;\"><img loading=\"lazy\" decoding=\"async\" src=\"https:\/\/www.europesays.com\/fr\/wp-content\/uploads\/2025\/11\/2A4A8231.jpg\" alt=\"\" width=\"963\" height=\"642\"\/><\/p>\n<p style=\"text-align: justify;\">Passionn\u00e9 par l\u2019art floral, le peintre <strong>Michel Tavernier<\/strong> nous r\u00e9v\u00e8le sa personnalit\u00e9, son esprit de libert\u00e9, d&rsquo;adaptabilit\u00e9 et sa volont\u00e9 de toujours parfaire ses exigences, un \u00e9tat peut-\u00eatre r\u00e9v\u00e9lateur de son affection toute particuli\u00e8re pour les coquelicots. Le coquelicot, en effet, dans la tradition est devenu un symbole d\u2019endurance. En Orient il est le symbole de l\u2019amour.<\/p>\n<p style=\"text-align: justify;\"><strong>Michel Tavernier<\/strong>, \u00e2g\u00e9 de 85 ans, est un peintre autodidacte et prof b\u00e9n\u00e9vole de peinture. Pas pr\u00e9cis\u00e9ment orient\u00e9 vers l\u2019enseignement par son autoformation, c\u2019est sur la demande du maire Raymond Brenot, de Ch\u00e2tenoy en Bresse, qu\u2019il va cr\u00e9er une \u00e9cole de peinture. Aujourd\u2019hui, il compte 24 \u00e9l\u00e8ves dont bon nombre \u00e9taient pr\u00e9sents ce vendredi soir au vernissage de son exposition. \u00ab Je n\u2019\u00e9tais pas particuli\u00e8rement partant pour cr\u00e9er une \u00e9cole et pourtant, cela fait 22 ans que l\u2019\u00e9cole existe \u00bb nous a confi\u00e9 <strong>Michel Tavernier<\/strong>.<\/p>\n<p style=\"text-align: justify;\">\u00a0<\/p>\n<p style=\"text-align: center;\"><img loading=\"lazy\" decoding=\"async\" src=\"https:\/\/www.europesays.com\/fr\/wp-content\/uploads\/2025\/11\/2A4A8248.jpg\" alt=\"\" width=\"956\" height=\"637\"\/><\/p>\n<p style=\"text-align: justify;\">Madame le maire de St R\u00e9my<strong> Florence Plissonnier<\/strong> a adress\u00e9 \u00e0 <strong>Michel Tavernier<\/strong> ses remerciements pour cette tr\u00e8s belle exposition, exprimant aussi ses pr\u00e9f\u00e9rences dans les toiles pr\u00e9sent\u00e9es et elle a c\u00e9d\u00e9 la parole au peintre afin qu\u2019il puisse se pr\u00e9senter et parler de ses \u0153uvres.<\/p>\n<p style=\"text-align: justify;\"><strong>Michel Tavernier<\/strong> a rappel\u00e9 son parcours, pourquoi il peint, ses choix : peinture \u00e0 l\u2019huile, acrylique, encre, \u2026, ses styles et son admiration pour quelques grands peintres. Il a remerci\u00e9 de leur pr\u00e9sence les nombreuses personnes, les \u00e9lus et ses amis venus \u00e0 ce vernissage.<\/p>\n<p style=\"text-align: justify;\">La soir\u00e9e s\u2019est termin\u00e9e par un petit moment convivial o\u00f9 chacun a pu converser avec Michel Tavernier.<\/p>\n<p style=\"text-align: right;\"><strong>C.Cl\u00e9aux<\/strong><\/p>\n<p style=\"text-align: right;\"><a href=\"https:\/\/www.info-chalon.com\/cdn-cgi\/l\/email-protection\" class=\"__cf_email__\" data-cfemail=\"e4878c968d97908d858a87888185919ca48389858d88ca878b89\" rel=\"nofollow noopener\" target=\"_blank\">[email\u00a0protected]<\/a><\/p>\n","protected":false},"excerpt":{"rendered":"Les couleurs flamboyantes des toiles du peintre, Michel Tavernier, sont rentr\u00e9es ce vendredi 7 novembre dans le hall&hellip;\n","protected":false},"author":2,"featured_media":524436,"comment_status":"","ping_status":"","sticky":false,"template":"","format":"standard","meta":{"footnotes":""},"categories":[1358],"tags":[1348,1384,1385,1386,58,59,1011,27],"class_list":{"0":"post-524435","1":"post","2":"type-post","3":"status-publish","4":"format-standard","5":"has-post-thumbnail","7":"category-arts-et-design","8":"tag-arts","9":"tag-arts-and-design","10":"tag-arts-et-design","11":"tag-design","12":"tag-divertissement","13":"tag-entertainment","14":"tag-fr","15":"tag-france"},"share_on_mastodon":{"url":"https:\/\/pubeurope.com\/@fr\/115524266811544685","error":""},"_links":{"self":[{"href":"https:\/\/www.europesays.com\/fr\/wp-json\/wp\/v2\/posts\/524435","targetHints":{"allow":["GET"]}}],"collection":[{"href":"https:\/\/www.europesays.com\/fr\/wp-json\/wp\/v2\/posts"}],"about":[{"href":"https:\/\/www.europesays.com\/fr\/wp-json\/wp\/v2\/types\/post"}],"author":[{"embeddable":true,"href":"https:\/\/www.europesays.com\/fr\/wp-json\/wp\/v2\/users\/2"}],"replies":[{"embeddable":true,"href":"https:\/\/www.europesays.com\/fr\/wp-json\/wp\/v2\/comments?post=524435"}],"version-history":[{"count":0,"href":"https:\/\/www.europesays.com\/fr\/wp-json\/wp\/v2\/posts\/524435\/revisions"}],"wp:featuredmedia":[{"embeddable":true,"href":"https:\/\/www.europesays.com\/fr\/wp-json\/wp\/v2\/media\/524436"}],"wp:attachment":[{"href":"https:\/\/www.europesays.com\/fr\/wp-json\/wp\/v2\/media?parent=524435"}],"wp:term":[{"taxonomy":"category","embeddable":true,"href":"https:\/\/www.europesays.com\/fr\/wp-json\/wp\/v2\/categories?post=524435"},{"taxonomy":"post_tag","embeddable":true,"href":"https:\/\/www.europesays.com\/fr\/wp-json\/wp\/v2\/tags?post=524435"}],"curies":[{"name":"wp","href":"https:\/\/api.w.org\/{rel}","templated":true}]}}