{"id":524440,"date":"2025-11-10T07:42:11","date_gmt":"2025-11-10T07:42:11","guid":{"rendered":"https:\/\/www.europesays.com\/fr\/524440\/"},"modified":"2025-11-10T07:42:11","modified_gmt":"2025-11-10T07:42:11","slug":"le-realisateur-de-30-jours-de-nuit-de-retour-a-lhorreur-avec-une-actrice-mythique","status":"publish","type":"post","link":"https:\/\/www.europesays.com\/fr\/524440\/","title":{"rendered":"Le r\u00e9alisateur de 30 jours de nuit de retour \u00e0 l&rsquo;horreur avec une actrice mythique"},"content":{"rendered":"<p><strong><a href=\"https:\/\/www.ecranlarge.com\/personnalite\/668995-david-slade\" data-type=\"people\" data-id=\"319479\" rel=\"nofollow noopener\" target=\"_blank\">David Slade<\/a>, r\u00e9alisateur de <a href=\"https:\/\/www.ecranlarge.com\/films\/845663-30-jours-de-nuit\" data-type=\"films\" data-id=\"661042\" rel=\"nofollow noopener\" target=\"_blank\">30 jours de nuit<\/a>, pr\u00e9pare un nouveau film d\u2019horreur myst\u00e9rieux avec notamment une actrice au CV bien rempli.<\/strong><\/p>\n<p><strong>\u00ab Sa capacit\u00e9 \u00e0 r\u00e9aliser des films de genre commerciaux qui attirent un public immense est rare \u00bb<\/strong>, affirmaient Chris Abernathy et Eric B. Fleischman, producteurs chez Wonder Company \u00e0 propos de David Slade. Si c\u2019est vrai, \u00e0 des niveaux diff\u00e9rents, pour les principaux faits de gloire du cin\u00e9aste (<strong>30 jours de nuit, Twilight 3, Black Miror : Bandersnatch<\/strong>), on en doute davantage lorsqu\u2019on consid\u00e8re sa derni\u00e8re \u0153uvre, <strong>Dark Harvest<\/strong>, pass\u00e9e compl\u00e8tement inaper\u00e7ue (sortie un jour au cin\u00e9ma aux \u00c9tats-Unis et uniquement sur Amazon Prime en France).<\/p>\n<p>                    <img decoding=\"async\" alt=\"\" class=\"wp-image-518375\" style=\"object-fit:cover;width:25px;height:25px\" src=\"https:\/\/www.ecranlarge.com\/content\/uploads\/2023\/09\/arrow-right-circle.svg\"\/><\/p>\n<p>Les deux producteurs susmentionn\u00e9s n\u2019ont visiblement pas \u00e9t\u00e9 effray\u00e9s par ce r\u00e9cent \u00e9chec, puisqu\u2019ils ont annonc\u00e9 en exclusivit\u00e9 \u00e0 Deadline le lancement du chantier <strong><a href=\"https:\/\/www.ecranlarge.com\/films\/863714-legacy\" data-type=\"films\" data-id=\"678951\" rel=\"nofollow noopener\" target=\"_blank\">Legacy<\/a><\/strong>, long-m\u00e9trage d\u2019horreur \u00e0 l\u2019argument encore myst\u00e9rieux mais au casting d\u00e9j\u00e0 annonc\u00e9. <strong>On y verra notamment une fameuse actrice oscaris\u00e9e, fille d\u2019un cin\u00e9aste tout aussi mythique (voire plus encore), et qui n\u2019est pas \u00e9trang\u00e8re au genre de l\u2019\u00e9pouvante<\/strong>.<\/p>\n<p><a href=\"https:\/\/www.ecranlarge.com\/content\/uploads\/2025\/05\/image-19.png\" rel=\"nofollow noopener\" target=\"_blank\"><\/p>\n<p><img loading=\"lazy\" decoding=\"async\" alt=\"will poulter bandersnatch\" src=\"https:\/\/www.europesays.com\/fr\/wp-content\/uploads\/2025\/11\/image-19-1260x709.png\" width=\"1260\" height=\"709\"  \/><\/p>\n<p><\/a>Press A : Garder mes cheveux dans leur couleur naturelle.  Press B : faire une b\u00eatiseDO WE HAVE A PROBLEM ?<\/p>\n<p><strong>L\u2019actrice en question est <a href=\"https:\/\/www.ecranlarge.com\/personnalite\/651450-anjelica-huston\" data-type=\"people\" data-id=\"303699\" rel=\"nofollow noopener\" target=\"_blank\">Anjelica Huston<\/a><\/strong> (<strong>L\u2019Honneur des Prizzi, La Famille Addams<\/strong>) et elle jouera dans <strong>Legacy <\/strong>aux c\u00f4t\u00e9s de <a href=\"https:\/\/www.ecranlarge.com\/personnalite\/705637-lucy-hale-ii\" data-type=\"people\" data-id=\"352766\" rel=\"nofollow noopener\" target=\"_blank\">Lucy Hale<\/a> (<strong>Pretty Little Liars, Action ou V\u00e9rit\u00e9<\/strong>) et de l\u2019acteur et animateur d\u2019\u00e9missions t\u00e9l\u00e9vis\u00e9es britannique Jack Whitehall (Bad Education). Si le pitch pr\u00e9cis n\u2019a pas \u00e9t\u00e9 d\u00e9voil\u00e9, le long-m\u00e9trage ferait le r\u00e9cit de \u00ab 24 heures \u00e9prouvantes pour un fr\u00e8re et une s\u0153ur suite au d\u00e9c\u00e8s de leur p\u00e8re, dont ils \u00e9taient s\u00e9par\u00e9s. \u00bb<\/p>\n<p>Le film va visiblement charrier via l\u2019horreur des th\u00e9matiques telles que la filiation et le legs. Slade a d\u00e9clar\u00e9 \u00e0 ce propos :<\/p>\n<blockquote class=\"wp-block-quote is-layout-flow wp-block-quote-is-layout-flow\">\n<p><strong>\u00ab\u00a0Je suis ravi de donner vie \u00e0 ce projet et j\u2019adore travailler avec Lucy, Jack et Anjelica. Les th\u00e8mes universels sous-jacents de la paternit\u00e9 et des liens familiaux m\u2019ont profond\u00e9ment touch\u00e9 et font \u00e9cho \u00e0 ma propre exp\u00e9rience. La question \u201cQue feriez-vous pour votre famille\u00a0?\u201d m\u2019intrigue toujours, et j\u2019aime la poser au public.\u00a0\u00bb<\/strong><\/p>\n<\/blockquote>\n<p><img loading=\"lazy\" decoding=\"async\" width=\"650\" height=\"274\" alt=\"\" src=\"https:\/\/www.europesays.com\/fr\/wp-content\/uploads\/2025\/11\/image-7.png\"  \/><\/p>\n<p>Sans doute le meilleur effet horrifique de la carri\u00e8re de David Slade<\/p>\n<p>Rappelons-nous qu\u2019une des derni\u00e8res fois o\u00f9 le cin\u00e9aste avait parl\u00e9 de famille et de relations parents-enfants c\u2019\u00e9tait dans <strong>Twilight 3<\/strong>, avec le personnage de Renesmee Cullen? Eh oui, autant dire qu\u2019on esp\u00e8re soit une rectification de tir, soit un fou rire au moins aussi grand. Quoi qu\u2019il en soit, on reste curieux. <strong>Le film, qui devrait se d\u00e9rouler au c\u0153ur de la campagne anglaise, n\u2019a pas encore de date de sortie.<\/strong> <\/p>\n","protected":false},"excerpt":{"rendered":"David Slade, r\u00e9alisateur de 30 jours de nuit, pr\u00e9pare un nouveau film d\u2019horreur myst\u00e9rieux avec notamment une actrice&hellip;\n","protected":false},"author":2,"featured_media":524441,"comment_status":"","ping_status":"","sticky":false,"template":"","format":"standard","meta":{"footnotes":""},"categories":[1354],"tags":[58,59,1346,1011,27,1360],"class_list":{"0":"post-524440","1":"post","2":"type-post","3":"status-publish","4":"format-standard","5":"has-post-thumbnail","7":"category-films","8":"tag-divertissement","9":"tag-entertainment","10":"tag-films","11":"tag-fr","12":"tag-france","13":"tag-movies"},"share_on_mastodon":{"url":"https:\/\/pubeurope.com\/@fr\/115524282980792656","error":""},"_links":{"self":[{"href":"https:\/\/www.europesays.com\/fr\/wp-json\/wp\/v2\/posts\/524440","targetHints":{"allow":["GET"]}}],"collection":[{"href":"https:\/\/www.europesays.com\/fr\/wp-json\/wp\/v2\/posts"}],"about":[{"href":"https:\/\/www.europesays.com\/fr\/wp-json\/wp\/v2\/types\/post"}],"author":[{"embeddable":true,"href":"https:\/\/www.europesays.com\/fr\/wp-json\/wp\/v2\/users\/2"}],"replies":[{"embeddable":true,"href":"https:\/\/www.europesays.com\/fr\/wp-json\/wp\/v2\/comments?post=524440"}],"version-history":[{"count":0,"href":"https:\/\/www.europesays.com\/fr\/wp-json\/wp\/v2\/posts\/524440\/revisions"}],"wp:featuredmedia":[{"embeddable":true,"href":"https:\/\/www.europesays.com\/fr\/wp-json\/wp\/v2\/media\/524441"}],"wp:attachment":[{"href":"https:\/\/www.europesays.com\/fr\/wp-json\/wp\/v2\/media?parent=524440"}],"wp:term":[{"taxonomy":"category","embeddable":true,"href":"https:\/\/www.europesays.com\/fr\/wp-json\/wp\/v2\/categories?post=524440"},{"taxonomy":"post_tag","embeddable":true,"href":"https:\/\/www.europesays.com\/fr\/wp-json\/wp\/v2\/tags?post=524440"}],"curies":[{"name":"wp","href":"https:\/\/api.w.org\/{rel}","templated":true}]}}