{"id":524446,"date":"2025-11-10T07:45:15","date_gmt":"2025-11-10T07:45:15","guid":{"rendered":"https:\/\/www.europesays.com\/fr\/524446\/"},"modified":"2025-11-10T07:45:15","modified_gmt":"2025-11-10T07:45:15","slug":"eric-dupond-moretti-se-confie-sur-lassassinat-de-son-grand-pere","status":"publish","type":"post","link":"https:\/\/www.europesays.com\/fr\/524446\/","title":{"rendered":"\u00c9ric Dupond-Moretti se confie sur l\u2019assassinat de son grand-p\u00e8re"},"content":{"rendered":"<p>    \u00c9ric Dupond-Moretti dans \u00abUn dimanche \u00e0 la campagne\u00bb<br \/>\n                Capture d&rsquo;\u00e9cran<\/p>\n<p>\n    L\u2019ancien ministre de la Justice \u00e9tait l\u2019invit\u00e9 de Fr\u00e9d\u00e9ric Lopez dans \u00abUn dimanche \u00e0 la campagne\u00bb ce 9 novembre sur France 2. L\u2019occasion pour lui de revenir sur son enfance.<\/p>\n<p class=\"fig-paragraph\">Le grand public le conna\u00eet essentiellement sous la casquette de garde des Sceaux sous le gouvernement Castex, Borne puis Attal.\u00a0<a href=\"https:\/\/www.lefigaro.fr\/tag\/eric-dupond-moretti\" target=\"_blank\" rel=\"sponsored noopener\" data-gtm-custom-categorie=\"navigation\" data-gtm-custom-action=\"crossclick\" data-gtm-custom-label=\"Contextuel\" data-gtm-event=\"customEventSPE\">\u00c9ric Dupond-Moretti<\/a>\u00a0\u00e9tait l\u2019invit\u00e9, ce 9 novembre, de\u00a0<a href=\"https:\/\/www.lefigaro.fr\/tag\/frederic-lopez\" target=\"_blank\" rel=\"sponsored noopener\" data-gtm-custom-categorie=\"navigation\" data-gtm-custom-action=\"crossclick\" data-gtm-custom-label=\"Contextuel\" data-gtm-event=\"customEventSPE\">Fr\u00e9d\u00e9ric Lopez<\/a>\u00a0dans\u00a0<a href=\"https:\/\/www.lefigaro.fr\/tag\/un-dimanche-a-la-campagne\" target=\"_blank\" rel=\"sponsored noopener\" data-gtm-custom-categorie=\"navigation\" data-gtm-custom-action=\"crossclick\" data-gtm-custom-label=\"Contextuel\" data-gtm-event=\"customEventSPE\">\u00abUn dimanche \u00e0 la campagne\u00bb<\/a>.<\/p>\n<p class=\"fig-paragraph\">Et d\u00e8s les premi\u00e8res minutes de l\u2019\u00e9mission, l\u2019\u00e9motion l\u2019a saisi lors de la traditionnelle s\u00e9quence de la grange. Le journaliste a questionn\u00e9 l\u2019avocat sur son enfance, pass\u00e9e aupr\u00e8s de ses grands-parents \u00e0 la campagne. D\u00e8s le plus jeune \u00e2ge, son destin a \u00e9t\u00e9 marqu\u00e9 par un premier drame. \u00abMon p\u00e8re est mort d\u2019un cancer \u00e0 25 ans. J\u2019ai \u00e9t\u00e9 aid\u00e9 en permanence par mes grands-parents paternels. [&#8230;] et l\u2019amour des mots me vient de l\u00e0, gr\u00e2ce \u00e0 eux\u00bb, a reconnu \u00c9ric Dupond-Moretti. Et d\u2019ajouter\u00a0: \u00abAvec le recul, mon p\u00e8re mort est mieux qu\u2019un p\u00e8re absent.\u00bb\u00a0<\/p>\n<p class=\"fig-body-link\">\n            \u00c0 lire aussi<br \/>\n        <a class=\"fig-body-link__link\" href=\"http:\/\/tvmag.lefigaro.fr\/programme-tv\/people\/une-vraie-tete-a-claques-dans-quelle-epoque-le-souvenir-que-partage-eric-dupond-moretti-et-hugo-clement-20250928\" target=\"_blank\" data-fig-type=\"Article\" rel=\"noopener\" data-gtm-custom-categorie=\"navigation\" data-gtm-custom-action=\"crossclick\" data-gtm-custom-label=\"Contextuel\" data-gtm-event=\"customEventSPE\" data-fig-domain=\"TVMAG\"><\/p>\n<p>        \u00abUne vraie t\u00eate \u00e0 claques!\u00bb\u00a0: dans \u00abQuelle \u00e9poque!\u00bb, le souvenir que partagent \u00c9ric Dupond-Moretti et Hugo Cl\u00e9ment<br \/>\n    <\/a>\n<\/p>\n<p>                                    <a class=\"fig-a11y-skip a11y-hidden\" href=\"#fig-a11y-skip-main-inarticle\"><br \/>\n        Passer la publicit\u00e9<br \/>\n    <\/a><\/p>\n<p class=\"fig-paragraph\">Sa m\u00e8re, femme de m\u00e9nage immigr\u00e9e italienne, a pris la d\u00e9cision de l\u2019envoyer en pension pour lui garantir de bons r\u00e9sultats scolaires. L\u00e0-bas, il va prendre conscience d\u2019une certaine r\u00e9alit\u00e9. \u00abJe vais d\u00e9couvrir tr\u00e8s vite les diff\u00e9rences sociales et je vais en faire un moteur. Quand je vais aller \u00e0 l\u2019universit\u00e9, je vais imm\u00e9diatement travailler pour m\u2019\u00e9manciper de cette condition que je trouve difficile\u00bb, a expliqu\u00e9 l\u2019ancien ministre de la Justice.<\/p>\n<p class=\"fig-paragraph\">En parall\u00e8le, sa vocation s\u2019est dessin\u00e9e en r\u00e9action \u00e0 un deuxi\u00e8me drame survenu dans sa vie. \u00abLa famille de ma m\u00e8re est arriv\u00e9e en France. Mon grand-p\u00e8re s\u2019est fait assassiner, on a d\u00e9couvert son corps le long de voies ferr\u00e9es\u00bb, a-t-il livr\u00e9 avec \u00e9motion. Avant de d\u00e9plorer\u00a0: \u00abTout le monde s\u2019en est foutu. On l\u2019\u00e9voquait dans les repas de famille. Moi, j\u2019ai su tr\u00e8s vite que mon grand-p\u00e8re avait \u00e9t\u00e9 assassin\u00e9, mais que personne n\u2019avait rien fait.\u00bb En plus de cette injustice, pour laquelle aucune enqu\u00eate n\u2019a jamais \u00e9t\u00e9 ouverte, \u00c9ric Dupond-Moretti a \u00e9galement \u00e9t\u00e9 marqu\u00e9 par une histoire judiciaire o\u00f9 l\u2019accus\u00e9 a \u00e9t\u00e9 condamn\u00e9 \u00e0 la peine de mort. \u00ab\u00c7a fait partie des choses qui m\u2019ont conduit vers le m\u00e9tier d\u2019avocat\u00bb, a reconnu celui qui a finalement choisi la voie du droit p\u00e9nal.<\/p>\n","protected":false},"excerpt":{"rendered":"\u00c9ric Dupond-Moretti dans \u00abUn dimanche \u00e0 la campagne\u00bb Capture d&rsquo;\u00e9cran L\u2019ancien ministre de la Justice \u00e9tait l\u2019invit\u00e9 de&hellip;\n","protected":false},"author":2,"featured_media":524447,"comment_status":"","ping_status":"","sticky":false,"template":"","format":"standard","meta":{"footnotes":""},"categories":[8],"tags":[58,59,10222,1011,27,594,9481],"class_list":{"0":"post-524446","1":"post","2":"type-post","3":"status-publish","4":"format-standard","5":"has-post-thumbnail","7":"category-divertissement","8":"tag-divertissement","9":"tag-entertainment","10":"tag-eric-dupond-moretti","11":"tag-fr","12":"tag-france","13":"tag-france-2","14":"tag-frederic-lopez"},"share_on_mastodon":{"url":"https:\/\/pubeurope.com\/@fr\/115524293486272294","error":""},"_links":{"self":[{"href":"https:\/\/www.europesays.com\/fr\/wp-json\/wp\/v2\/posts\/524446","targetHints":{"allow":["GET"]}}],"collection":[{"href":"https:\/\/www.europesays.com\/fr\/wp-json\/wp\/v2\/posts"}],"about":[{"href":"https:\/\/www.europesays.com\/fr\/wp-json\/wp\/v2\/types\/post"}],"author":[{"embeddable":true,"href":"https:\/\/www.europesays.com\/fr\/wp-json\/wp\/v2\/users\/2"}],"replies":[{"embeddable":true,"href":"https:\/\/www.europesays.com\/fr\/wp-json\/wp\/v2\/comments?post=524446"}],"version-history":[{"count":0,"href":"https:\/\/www.europesays.com\/fr\/wp-json\/wp\/v2\/posts\/524446\/revisions"}],"wp:featuredmedia":[{"embeddable":true,"href":"https:\/\/www.europesays.com\/fr\/wp-json\/wp\/v2\/media\/524447"}],"wp:attachment":[{"href":"https:\/\/www.europesays.com\/fr\/wp-json\/wp\/v2\/media?parent=524446"}],"wp:term":[{"taxonomy":"category","embeddable":true,"href":"https:\/\/www.europesays.com\/fr\/wp-json\/wp\/v2\/categories?post=524446"},{"taxonomy":"post_tag","embeddable":true,"href":"https:\/\/www.europesays.com\/fr\/wp-json\/wp\/v2\/tags?post=524446"}],"curies":[{"name":"wp","href":"https:\/\/api.w.org\/{rel}","templated":true}]}}