{"id":524453,"date":"2025-11-10T07:49:11","date_gmt":"2025-11-10T07:49:11","guid":{"rendered":"https:\/\/www.europesays.com\/fr\/524453\/"},"modified":"2025-11-10T07:49:11","modified_gmt":"2025-11-10T07:49:11","slug":"lassemblee-supprime-une-mesure-visant-a-limiter-les-depassements-dhonoraires-des-medecins","status":"publish","type":"post","link":"https:\/\/www.europesays.com\/fr\/524453\/","title":{"rendered":"L\u2019Assembl\u00e9e supprime une mesure visant \u00e0 limiter les d\u00e9passements d\u2019honoraires des m\u00e9decins"},"content":{"rendered":"<p>Une r\u00e9ponse \u00e0 la col\u00e8re des <a href=\"https:\/\/www.20minutes.fr\/dossier\/medecin\" class=\"c-link c-link--is-underlined\" target=\"_blank\" rel=\"noopener\">m\u00e9decins<\/a>. Les d\u00e9put\u00e9s ont supprim\u00e9 dimanche une mesure pol\u00e9mique du projet de budget de la <a href=\"https:\/\/www.20minutes.fr\/dossier\/securite_sociale\" class=\"c-link c-link--is-underlined\" target=\"_blank\" rel=\"noopener\">S\u00e9curit\u00e9 sociale<\/a> qui visait \u00e0 limiter les d\u00e9passements d\u2019honoraires des praticiens. Cet article du texte, examin\u00e9 en premi\u00e8re lecture \u00e0 l\u2019<a href=\"https:\/\/www.20minutes.fr\/dossier\/assemblee_nationale\" class=\"c-link c-link--is-underlined\" target=\"_blank\" rel=\"noopener\">Assembl\u00e9e<\/a>, a mis les m\u00e9decins lib\u00e9raux en \u00e9bullition. Plusieurs syndicats ont annonc\u00e9 une gr\u00e8ve d\u00e9but janvier contre cette mesure, qui permettrait au gouvernement de rehausser par d\u00e9cret une cotisation pay\u00e9e par les m\u00e9decins sur leurs suppl\u00e9ments d\u2019honoraires (3,25\u00a0% aujourd\u2019hui).<\/p>\n<p>Les principaux repr\u00e9sentants des m\u00e9decins lib\u00e9raux d\u00e9noncent une \u00ab\u00a0mise en p\u00e9ril\u00a0\u00bb de la m\u00e9decine lib\u00e9rale, particuli\u00e8rement du secteur 2 (conventionnement avec l\u2019<a href=\"https:\/\/www.20minutes.fr\/dossier\/assurance_maladie\" class=\"c-link c-link--is-underlined\" target=\"_blank\" rel=\"noopener\">Assurance maladie<\/a> qui permet ces d\u00e9passements). Certains tarifs d\u2019actes rembours\u00e9s par l\u2019Assurance maladie sont bloqu\u00e9s depuis des ann\u00e9es. Dimanche, le rapporteur g\u00e9n\u00e9ral du texte, Thibault Bazin (<a href=\"https:\/\/www.20minutes.fr\/politique\/lr\/\" class=\"c-link c-link--is-underlined\" target=\"_blank\" rel=\"noopener\">LR<\/a>), a critiqu\u00e9 la mesure, qui vise \u00ab\u00a0indistinctement l\u2019ensemble des m\u00e9decins du secteur 2, quelle que soit l\u2019ampleur des d\u00e9passements, qu\u2019ils participent ou non \u00e0 la permanence des soins, quelle que soit leur sp\u00e9cialit\u00e9\u00a0\u00bb.<\/p>\n<p>Une suppression vot\u00e9e par la droite et les communistes<\/p>\n<p>Avec cette sur-cotisation, \u00ab\u00a0les m\u00e9decins vont augmenter leurs tarifs de d\u00e9passements\u00a0\u00bb pour compenser, les mutuelles augmenteront \u00ab\u00a0les tarifs de leurs contrats\u00a0\u00bb, et \u00ab\u00a0\u00e0 la fin c\u2019est les usagers qui vont \u00eatre p\u00e9nalis\u00e9s\u00a0\u00bb, a ajout\u00e9 le d\u00e9put\u00e9 Renaissance Jean-Fran\u00e7ois Rousset.<\/p>\n<\/p>\n<p>L\u2019amendement supprimant l\u2019article du projet de budget a \u00e9t\u00e9 adopt\u00e9 avec les voix des d\u00e9put\u00e9s <a href=\"https:\/\/www.20minutes.fr\/politique\/renaissance\/\" class=\"c-link c-link--is-underlined\" target=\"_blank\" rel=\"noopener\">Renaissance<\/a>, <a href=\"https:\/\/www.20minutes.fr\/horizons\/\" class=\"c-link c-link--is-underlined\" target=\"_blank\" rel=\"noopener\">Horizons<\/a>, LR, <a href=\"https:\/\/www.20minutes.fr\/politique\/rassemblement-national\/\" class=\"c-link c-link--is-underlined\" target=\"_blank\" rel=\"noopener\">RN<\/a> et leurs alli\u00e9s ciottistes, ainsi que les communistes et ind\u00e9pendants Liot. Le <a href=\"https:\/\/www.20minutes.fr\/politique\/ps\/\" class=\"c-link c-link--is-underlined\" target=\"_blank\" rel=\"noopener\">PS<\/a>, LFI et les Ecologistes ont vot\u00e9 contre. Les d\u00e9put\u00e9s <a href=\"https:\/\/www.20minutes.fr\/dossier\/modem\" class=\"c-link c-link--is-underlined\" target=\"_blank\" rel=\"noopener\">MoDem<\/a> se sont eux divis\u00e9s. Pour le socialiste J\u00e9r\u00f4me Guedj, il s\u2019agit l\u00e0 d\u2019une \u00ab\u00a0modeste incitation \u00e0 limiter les d\u00e9passements d\u2019honoraires\u00a0\u00bb allant \u00ab\u00a0dans la bonne direction\u00a0\u00bb.<\/p>\n<p>La ministre de la Sant\u00e9, St\u00e9phanie Rist, a, elle, point\u00e9 \u00ab\u00a0la hausse tr\u00e8s croissante ces derni\u00e8res ann\u00e9es des d\u00e9passements\u00a0\u00bb, qui repr\u00e9sentaient \u00ab\u00a04,5\u00a0milliards d\u2019euros en\u00a02024\u00a0\u00bb. \u00ab\u00a0Ces d\u00e9rives ont donc amen\u00e9 le gouvernement \u00e0 proposer une taxation des d\u00e9passements. Mais je le dis aujourd\u2019hui, mon intention n\u2019est pas de p\u00e9naliser ce secteur 2\u00a0\u00bb, a-t-elle ajout\u00e9, disant \u00ab\u00a0entendre les professionnels\u00a0\u00bb. Elle a dit vouloir entamer des discussions \u00ab\u00a0dans les prochaines semaines sous la responsabilit\u00e9 de la Caisse d\u2019assurance maladie, avec les m\u00e9decins, les associations de patients\u00a0\u00bb et \u00ab\u00a0les organismes compl\u00e9mentaires\u00a0\u00bb. Apr\u00e8s son examen \u00e0 l\u2019Assembl\u00e9e qui doit s\u2019achever mercredi, le projet de budget de la S\u00e9curit\u00e9 sociale pour\u00a02026 sera transmis au S\u00e9nat.<\/p>\n","protected":false},"excerpt":{"rendered":"Une r\u00e9ponse \u00e0 la col\u00e8re des m\u00e9decins. Les d\u00e9put\u00e9s ont supprim\u00e9 dimanche une mesure pol\u00e9mique du projet de&hellip;\n","protected":false},"author":2,"featured_media":524454,"comment_status":"","ping_status":"","sticky":false,"template":"","format":"standard","meta":{"footnotes":""},"categories":[4],"tags":[47,11,1011,27,6339,12,316,25,71,731,104,24334],"class_list":{"0":"post-524453","1":"post","2":"type-post","3":"status-publish","4":"format-standard","5":"has-post-thumbnail","7":"category-france","8":"tag-actualite","9":"tag-actualites","10":"tag-fr","11":"tag-france","12":"tag-medecin","13":"tag-news","14":"tag-politique","15":"tag-republique-francaise","16":"tag-sante","17":"tag-securite-sociale","18":"tag-societe","19":"tag-tarif"},"share_on_mastodon":{"url":"https:\/\/pubeurope.com\/@fr\/115524309163917928","error":""},"_links":{"self":[{"href":"https:\/\/www.europesays.com\/fr\/wp-json\/wp\/v2\/posts\/524453","targetHints":{"allow":["GET"]}}],"collection":[{"href":"https:\/\/www.europesays.com\/fr\/wp-json\/wp\/v2\/posts"}],"about":[{"href":"https:\/\/www.europesays.com\/fr\/wp-json\/wp\/v2\/types\/post"}],"author":[{"embeddable":true,"href":"https:\/\/www.europesays.com\/fr\/wp-json\/wp\/v2\/users\/2"}],"replies":[{"embeddable":true,"href":"https:\/\/www.europesays.com\/fr\/wp-json\/wp\/v2\/comments?post=524453"}],"version-history":[{"count":0,"href":"https:\/\/www.europesays.com\/fr\/wp-json\/wp\/v2\/posts\/524453\/revisions"}],"wp:featuredmedia":[{"embeddable":true,"href":"https:\/\/www.europesays.com\/fr\/wp-json\/wp\/v2\/media\/524454"}],"wp:attachment":[{"href":"https:\/\/www.europesays.com\/fr\/wp-json\/wp\/v2\/media?parent=524453"}],"wp:term":[{"taxonomy":"category","embeddable":true,"href":"https:\/\/www.europesays.com\/fr\/wp-json\/wp\/v2\/categories?post=524453"},{"taxonomy":"post_tag","embeddable":true,"href":"https:\/\/www.europesays.com\/fr\/wp-json\/wp\/v2\/tags?post=524453"}],"curies":[{"name":"wp","href":"https:\/\/api.w.org\/{rel}","templated":true}]}}