{"id":524455,"date":"2025-11-10T07:50:11","date_gmt":"2025-11-10T07:50:11","guid":{"rendered":"https:\/\/www.europesays.com\/fr\/524455\/"},"modified":"2025-11-10T07:50:11","modified_gmt":"2025-11-10T07:50:11","slug":"le-shutdown-bientot-termine-les-senateurs-americains-trouvent-un-accord-que-trump-va-devoir-signer","status":"publish","type":"post","link":"https:\/\/www.europesays.com\/fr\/524455\/","title":{"rendered":"Le shutdown bient\u00f4t termin\u00e9\u00a0? Les s\u00e9nateurs am\u00e9ricains trouvent un accord que Trump va devoir signer"},"content":{"rendered":"<p>        <img decoding=\"async\" loading=\"lazy\" src=\"https:\/\/www.europesays.com\/fr\/wp-content\/uploads\/2025\/11\/243702b_upload-1-qnm1axcwfzrb-afp-20251012-78j689e-v1-midres-uspoliticsisraelpalestiniandiplomacytru.jpeg\"  width=\"728\" height=\"410\" alt=\"Un accord sign\u00e9 par les s\u00e9nateurs am\u00e9ricains pourrait mettre fin au shutdown dans les prochains jours. \"\/>  <\/p>\n<p>SAUL LOEB \/ AFP<\/p>\n<p>Un accord sign\u00e9 par les s\u00e9nateurs am\u00e9ricains pourrait mettre fin au shutdown dans les prochains jours. <\/p>\n<p class=\"asset asset-text\">ETATS-UNIS &#8211; Fin du blocage\u00a0? <a href=\"https:\/\/www.huffingtonpost.fr\/international\/article\/aux-etats-unis-le-shutdown-budgetaire-dure-depuis-36-jours-devenant-le-plus-long-de-l-histoire-du-pays_256786.html\" target=\"_blank\" rel=\"noopener\">Le shutdown le plus long de l\u2019histoire des \u00c9tats-Unis<\/a> qui dure depuis une quarantaine de jours pourrait prendre fin dans les prochains jours. Les s\u00e9nateurs am\u00e9ricains ont en effet trouv\u00e9 un accord provisoire ce dimanche 9\u00a0novembre en vue de mettre fin \u00e0 <a href=\"https:\/\/www.huffingtonpost.fr\/life\/video\/face-au-shutdown-qui-menace-l-aide-alimentaire-ces-tiktokeurs-americains-s-engagent_256911.html\" target=\"_blank\" rel=\"noopener\">la paralysie budg\u00e9taire<\/a> qui bloque une partie des services publics.<\/p>\n<p class=\"asset asset-text\">Les \u00e9lus r\u00e9publicains et d\u00e9mocrates se sont entendus pour un financement du gouvernement jusqu\u2019en janvier, rapportent notamment CNN et Fox News. La mesure a rapidement fait l\u2019objet d\u2019un vote de proc\u00e9dure, visiblement avec l\u2019appui d\u2019un nombre suffisant de d\u00e9mocrates, pour transmettre le texte \u00e0 la Chambre des repr\u00e9sentants. Si les d\u00e9put\u00e9s donnent eux aussi leur feu vert (le vote doit avoir lieu dans la semaine), la proposition sera enfin soumise \u00e0 <a href=\"https:\/\/www.huffingtonpost.fr\/international\/article\/trump-moque-par-le-snl-pour-sa-reaction-de-sociopathe-au-malaise-d-un-homme-dans-le-bureau-ovale_256966.html\" target=\"_blank\" rel=\"noopener\">Donald Trump<\/a> pour signature.<\/p>\n<p class=\"asset asset-text\">Cette avanc\u00e9e fait esp\u00e9rer un prochain retour \u00e0 la normale, alors que le trafic a\u00e9rien et le versement des aides sociales sont perturb\u00e9s, et que des centaines de milliers de fonctionnaires sont au ch\u00f4mage technique ou travaillent sans \u00eatre pay\u00e9s depuis le 1er\u00a0octobre.<\/p>\n<p class=\"asset asset-text\">\u00ab\u00a0On dirait qu\u2019on s\u2019approche de la fin du shutdown\u00a0\u00bb, a estim\u00e9 devant la presse le pr\u00e9sident Donald Trump, de retour \u00e0 la Maison Blanche apr\u00e8s avoir pass\u00e9 le week-end dans sa r\u00e9sidence floridienne de Mar-a-Lago.<\/p>\n<p class=\"asset asset-text\">Selon des parlementaires, l\u2019accord arrach\u00e9 au S\u00e9nat par les d\u00e9mocrates doit notamment permettre de renflouer le programme d\u2019aide alimentaire qui soutient 42\u00a0millions d\u2019Am\u00e9ricains, et qui est suspendu en raison du blocage du budget. Il implique aussi l\u2019annulation du licenciement de milliers de fonctionnaires f\u00e9d\u00e9raux par Donald Trump le mois dernier, et la tenue d\u2019un vote sur l\u2019extension des aides pour les soins de sant\u00e9, qui doivent expirer \u00e0 la fin de l\u2019ann\u00e9e.<\/p>\n<p class=\"asset asset-text\">La proposition \u00ab\u00a0prot\u00e9gera les fonctionnaires f\u00e9d\u00e9raux contre les licenciements abusifs, r\u00e9int\u00e9grera ceux qui ont \u00e9t\u00e9 licenci\u00e9s \u00e0 tort pendant le shutdown, et garantira que les fonctionnaires f\u00e9d\u00e9raux recevront leur salaire r\u00e9troactivement\u00a0\u00bb, a affirm\u00e9 le s\u00e9nateur d\u00e9mocrate Tim Kaine dans un communiqu\u00e9. Le chef de la minorit\u00e9 d\u00e9mocrate au S\u00e9nat, Chuck Schumer a toutefois d\u00e9plor\u00e9 que l\u2019extension des aides \u00e0 la sant\u00e9 fasse l\u2019objet d\u2019un vote et non d\u2019une adoption directe. \u00ab\u00a0Ce combat va et doit continuer\u00a0\u00bb, a-t-il lanc\u00e9 \u00e0 la chambre haute.<\/p>\n<p>    Des milliers de vols annul\u00e9s    <\/p>\n<p class=\"asset asset-text\">Du fait de l\u2019effet de la paralysie budg\u00e9taire <a href=\"https:\/\/www.huffingtonpost.fr\/international\/article\/aux-etats-unis-le-shutdown-declenche-la-pagaille-dans-le-ciel-des-milliers-de-vols-vont-etre-annules_256841.html\" target=\"_blank\" rel=\"noopener\">sur le contr\u00f4le a\u00e9rien<\/a>, plus de 2700 vols aux \u00c9tats-Unis ont \u00e9t\u00e9 annul\u00e9s et 10\u00a0000 retard\u00e9s dimanche, selon le site FlightAware. Sont affect\u00e9s notamment les a\u00e9roports Newark et LaGuardia de New York, O\u2019Hare de Chicago et Hartsfield-Jackson d\u2019Atlanta.<\/p>\n<p class=\"asset asset-text\">Le ministre des Transports Sean Duffy a averti dimanche qu\u2019une prolongation du blocage budg\u00e9taire allait aggraver la situation, la f\u00eate de Thanksgiving \u00e0 la fin du mois approchant.<\/p>\n<p class=\"asset asset-text\">\u00ab\u00a0Le trafic a\u00e9rien va se r\u00e9duire \u00e0 peau de chagrin alors que tout le monde veut voyager pour voir sa famille\u00a0\u00bb, a-t-il alert\u00e9 sur Fox News. \u00ab\u00a0Vous allez voir moins de contr\u00f4leurs a\u00e9riens venir au travail, ce qui signifie qu\u2019il n\u2019y aura qu\u2019une poign\u00e9e de vols qui vont d\u00e9coller et atterrir\u00a0\u00bb, a-t-il ajout\u00e9. Un retour \u00e0 la normale du trafic a\u00e9rien pourrait prendre des jours apr\u00e8s la fin de la paralysie, le temps que le financement f\u00e9d\u00e9ral, qui comprend les salaires, relance la machine.<\/p>\n<p class=\"asset asset-text\">Donald Trump invoqu\u00e9 la paralysie budg\u00e9taire, due \u00e0 des d\u00e9saccords entre r\u00e9publicains et d\u00e9mocrates au Congr\u00e8s, comme une des causes de la s\u00e9rie de d\u00e9faites \u00e9lectorales essuy\u00e9es par son camp le 4\u00a0novembre.<\/p>\n","protected":false},"excerpt":{"rendered":"SAUL LOEB \/ AFP Un accord sign\u00e9 par les s\u00e9nateurs am\u00e9ricains pourrait mettre fin au shutdown dans les&hellip;\n","protected":false},"author":2,"featured_media":524456,"comment_status":"","ping_status":"","sticky":false,"template":"","format":"standard","meta":{"footnotes":""},"categories":[2],"tags":[55322,11,75,73,1011,27,14,12],"class_list":{"0":"post-524455","1":"post","2":"type-post","3":"status-publish","4":"format-standard","5":"has-post-thumbnail","7":"category-actualites","8":"tag-shutdown","9":"tag-actualites","10":"tag-donald-trump","11":"tag-etats-unis","12":"tag-fr","13":"tag-france","14":"tag-international","15":"tag-news"},"share_on_mastodon":{"url":"https:\/\/pubeurope.com\/@fr\/115524313631986673","error":""},"_links":{"self":[{"href":"https:\/\/www.europesays.com\/fr\/wp-json\/wp\/v2\/posts\/524455","targetHints":{"allow":["GET"]}}],"collection":[{"href":"https:\/\/www.europesays.com\/fr\/wp-json\/wp\/v2\/posts"}],"about":[{"href":"https:\/\/www.europesays.com\/fr\/wp-json\/wp\/v2\/types\/post"}],"author":[{"embeddable":true,"href":"https:\/\/www.europesays.com\/fr\/wp-json\/wp\/v2\/users\/2"}],"replies":[{"embeddable":true,"href":"https:\/\/www.europesays.com\/fr\/wp-json\/wp\/v2\/comments?post=524455"}],"version-history":[{"count":0,"href":"https:\/\/www.europesays.com\/fr\/wp-json\/wp\/v2\/posts\/524455\/revisions"}],"wp:featuredmedia":[{"embeddable":true,"href":"https:\/\/www.europesays.com\/fr\/wp-json\/wp\/v2\/media\/524456"}],"wp:attachment":[{"href":"https:\/\/www.europesays.com\/fr\/wp-json\/wp\/v2\/media?parent=524455"}],"wp:term":[{"taxonomy":"category","embeddable":true,"href":"https:\/\/www.europesays.com\/fr\/wp-json\/wp\/v2\/categories?post=524455"},{"taxonomy":"post_tag","embeddable":true,"href":"https:\/\/www.europesays.com\/fr\/wp-json\/wp\/v2\/tags?post=524455"}],"curies":[{"name":"wp","href":"https:\/\/api.w.org\/{rel}","templated":true}]}}