{"id":524457,"date":"2025-11-10T07:51:13","date_gmt":"2025-11-10T07:51:13","guid":{"rendered":"https:\/\/www.europesays.com\/fr\/524457\/"},"modified":"2025-11-10T07:51:13","modified_gmt":"2025-11-10T07:51:13","slug":"la-nuit-des-martyrs-est-de-retour","status":"publish","type":"post","link":"https:\/\/www.europesays.com\/fr\/524457\/","title":{"rendered":"La Nuit des Martyrs est de retour !"},"content":{"rendered":"\n<p>Avis aux \u00e9tudiants St\u00e9phanois ! Pr\u00e9parez-vous \u00e0 enflammer la Rue des Martyrs. L\u2019ASSE organise sa troisi\u00e8me \u00e9dition de la Nuit des Martyrs avec Compass, une application qui propose des r\u00e9ductions aux jeunes de la ville. L\u2019an dernier, l\u2019\u00e9v\u00e9nement avait r\u00e9uni des milliers d\u2019\u00e9tudiants dans la rue st\u00e9phanoise, avec une ambiance festive et de nombreux bons plans. Cette ann\u00e9e, les festivit\u00e9s se d\u00e9rouleront le jeudi 20 novembre, de 19h \u00e0 1h du matin avec notamment 3 DJ sur place pour ambiancer la jeunesse. Bien s\u00fbr, il y a un \u00ab\u00a0dress code\u00a0\u00bb \u00e0 respecter&#8230;mais il n&rsquo;est pas tr\u00e8s compliqu\u00e9\u2026TOUS en vert, c&rsquo;est la r\u00e8gle.\u00a0<\/p>\n","protected":false},"excerpt":{"rendered":"Avis aux \u00e9tudiants St\u00e9phanois ! Pr\u00e9parez-vous \u00e0 enflammer la Rue des Martyrs. L\u2019ASSE organise sa troisi\u00e8me \u00e9dition de&hellip;\n","protected":false},"author":2,"featured_media":524458,"comment_status":"","ping_status":"","sticky":false,"template":"","format":"standard","meta":{"footnotes":""},"categories":[9653],"tags":[1111,11,461,2430,6379,1777,674,4768,1011,27,3367,12,25,4001,3686],"class_list":{"0":"post-524457","1":"post","2":"type-post","3":"status-publish","4":"format-standard","5":"has-post-thumbnail","7":"category-saint-etienne","8":"tag-actu","9":"tag-actualites","10":"tag-asse","11":"tag-auvergne-rhone-alpes","12":"tag-etudiants","13":"tag-eu","14":"tag-europe","15":"tag-fete","16":"tag-fr","17":"tag-france","18":"tag-loire","19":"tag-news","20":"tag-republique-francaise","21":"tag-saint-etienne","22":"tag-sortie"},"share_on_mastodon":{"url":"https:\/\/pubeurope.com\/@fr\/115524316962612365","error":""},"_links":{"self":[{"href":"https:\/\/www.europesays.com\/fr\/wp-json\/wp\/v2\/posts\/524457","targetHints":{"allow":["GET"]}}],"collection":[{"href":"https:\/\/www.europesays.com\/fr\/wp-json\/wp\/v2\/posts"}],"about":[{"href":"https:\/\/www.europesays.com\/fr\/wp-json\/wp\/v2\/types\/post"}],"author":[{"embeddable":true,"href":"https:\/\/www.europesays.com\/fr\/wp-json\/wp\/v2\/users\/2"}],"replies":[{"embeddable":true,"href":"https:\/\/www.europesays.com\/fr\/wp-json\/wp\/v2\/comments?post=524457"}],"version-history":[{"count":0,"href":"https:\/\/www.europesays.com\/fr\/wp-json\/wp\/v2\/posts\/524457\/revisions"}],"wp:featuredmedia":[{"embeddable":true,"href":"https:\/\/www.europesays.com\/fr\/wp-json\/wp\/v2\/media\/524458"}],"wp:attachment":[{"href":"https:\/\/www.europesays.com\/fr\/wp-json\/wp\/v2\/media?parent=524457"}],"wp:term":[{"taxonomy":"category","embeddable":true,"href":"https:\/\/www.europesays.com\/fr\/wp-json\/wp\/v2\/categories?post=524457"},{"taxonomy":"post_tag","embeddable":true,"href":"https:\/\/www.europesays.com\/fr\/wp-json\/wp\/v2\/tags?post=524457"}],"curies":[{"name":"wp","href":"https:\/\/api.w.org\/{rel}","templated":true}]}}