{"id":524471,"date":"2025-11-10T07:59:09","date_gmt":"2025-11-10T07:59:09","guid":{"rendered":"https:\/\/www.europesays.com\/fr\/524471\/"},"modified":"2025-11-10T07:59:09","modified_gmt":"2025-11-10T07:59:09","slug":"seine-maritime-pourquoi-les-radiologues-sont-en-greve-ce-lundi-et-ce-que-ca-implique-pour-vous","status":"publish","type":"post","link":"https:\/\/www.europesays.com\/fr\/524471\/","title":{"rendered":"Seine-Maritime. Pourquoi les radiologues sont en gr\u00e8ve ce lundi (et ce que \u00e7a implique pour vous)"},"content":{"rendered":"<p>            Par<br \/>\n        <strong><br \/>\n            <a href=\"https:\/\/actu.fr\/auteur\/eaube\" title=\"Consulter tous les articles de Elo\u00efse Aub\u00e9\" target=\"_blank\" rel=\"noopener\">Elo\u00efse Aub\u00e9<\/a><br \/>\n        <\/strong><\/p>\n<p>        Publi\u00e9 le<\/p>\n<p>            10 nov. 2025 \u00e0 8h12        <\/p>\n<p>Trop, c\u2019est trop. \u00c0 l\u2019appel de la F\u00e9d\u00e9ration Nationale des M\u00e9decins Radiologues (FNMR), <strong>les radiologues seront en gr\u00e8ve<\/strong> \u00e0 <a href=\"https:\/\/actu.fr\/normandie\/rouen_76540\" target=\"_blank\" rel=\"noopener\">Rouen<\/a> et au\u00a0<a href=\"https:\/\/actu.fr\/normandie\/le-havre_76351\" target=\"_blank\" rel=\"noopener\">Havre<\/a> ce lundi 10 novembre 2025. La raison\u2009? Une baisse du tarif de l\u2019imagerie corr\u00e9l\u00e9e \u00e0 une augmentation des charges. \u00ab\u2009Nous ne sommes <strong>presque jamais en gr\u00e8ve<\/strong>, annonce Marc Migraine, m\u00e9decin radiologue \u00e0 la t\u00eate des centres Nora Imagerie au Havre et dans l\u2019estuaire, c\u2019est dire que c\u2019est important\u2009\u00bb.<\/p>\n<p>\u00ab\u2009On se sent trahis\u2009\u00bb<\/p>\n<p class=\" wall-content\">Dans le cadre du <a href=\"https:\/\/actu.fr\/politique\/budget-de-la-securite-sociale-2026-les-principales-mesures-qui-vont-etre-debattues-a-l-assemblee-nationale_63390071.html\" target=\"_blank\" rel=\"noopener\">projet de loi de financement de la S\u00e9curit\u00e9 Sociale<\/a> (examin\u00e9 depuis le 4 novembre \u00e0 l\u2019Assembl\u00e9e nationale), <strong>les baisses de tarifs d\u2019imagerie envisag\u00e9es<\/strong> viennent mettre \u00e0 mal le fonctionnement des services et font <strong>craindre \u00e0 des fermetures de cabinets de proximit\u00e9<\/strong>. \u00ab\u2009Une d\u00e9cision unilat\u00e9rale de l\u2019Assurance maladie\u2009\u00bb, d\u00e9plore le m\u00e9decin et qui, selon lui, interroge\u2009:<\/p>\n<blockquote class=\"ac-article-quote wall-content\">\n<p>C&rsquo;est tr\u00e8s \u00e9tonnant car sur certains actes, cela se passe autrement. Par exemple, sur trois radios que vous allez passer, la troisi\u00e8me peut \u00eatre gratuite.<\/p>\n<p>    <strong>Marc Migraine<\/strong><br \/>\n        m\u00e9decin radiologue    <\/p><\/blockquote>\n<p class=\" wall-content\">Surtout, cette <strong>baisse de marge se heurte \u00e0 une hausse globale des charges.<\/strong>\u00a0\u00ab\u2009Nos machines consomment beaucoup d\u2019\u00e9nergie\u2009\u00bb, explique Marc Migraine. Math\u00e9matiquement, les revenus baissent quand les charges augmentent. \u00ab\u2009On se sent trahis car on nous demande de <strong>lutter contre les d\u00e9serts m\u00e9dicaux<\/strong>\u2009\u00bb.<\/p>\n<p class=\" wall-content\">Des propos appuy\u00e9s par Jean-Philippe Masson, pr\u00e9sident de la FNMR\u2009: \u00ab Ces d\u00e9cisions du PLFSS 2026 et du protocole imagerie privent les radiologues des marges de man\u0153uvre n\u00e9cessaires pour continuer \u00e0 assurer des soins de qualit\u00e9 aux patients. Cette d\u00e9cision est \u00e0 la fois \u00e9conomiquement absurde et m\u00e9dicalement irresponsable. Les patients vont en \u00eatre les victimes\u2009\u00bb.<\/p>\n<p>Des rendez-vous d\u00e9cal\u00e9s<\/p>\n<p class=\" wall-content\">Lundi, donc, il y aura toujours un service d\u2019astreinte pour les urgences en radiologie. Quid des patients qui avaient un rendez-vous ce jour-l\u00e0\u2009? Ceux-ci ont \u00e9t\u00e9 d\u00e9plac\u00e9s dans les 15 jours \u00e0 venir.\u00a0<\/p>\n<p class=\" wall-content\">Selon les chiffres fournis par la F\u00e9d\u00e9ration, la perte li\u00e9e aux baisses tarifaires est de l\u2019ordre de 1,5 milliard d\u2019euros et la marge brute est inf\u00e9rieure \u00e0 15 %. En France, environ 80 millions d\u2019actes (radiographie, scanner, IRM, \u2026) sont r\u00e9alis\u00e9s chaque ann\u00e9e.<\/p>\n<p>Votre r\u00e9gion, votre actu !<\/p>\n<p>Recevez chaque jour les infos qui comptent pour vous.<\/p>\n<p>\t<a href=\"https:\/\/actu.fr\/newsletter\" class=\"ac-btn ac-btn--corner ac-btn--medium ac-btn--blue800\" target=\"_blank\" rel=\"noopener\">S&rsquo;incrire<\/a><br \/>\nSuivez l\u2019actualit\u00e9 du\u00a0<a href=\"https:\/\/www.whatsapp.com\/channel\/0029VaFqJYE8aKvLBwVrEe0o\" target=\"_blank\" rel=\"noopener\">Havre<\/a> et de <a href=\"https:\/\/www.whatsapp.com\/channel\/0029VaKfnf99hXF2ddApFB1D\" target=\"_blank\" rel=\"noopener\">Rouen<\/a> sur WhatsApp et sur notre<a href=\"https:\/\/www.tiktok.com\/@76actu.fr?lang=fr\" target=\"_blank\" rel=\"noopener\"> compte TikTok<\/a><\/p>\n<p class=\" wall-content\">Personnalisez votre actualit\u00e9 en ajoutant vos villes et m\u00e9dias en favori avec <a href=\"https:\/\/moncompte.actu.fr\" title=\"D\u00e9couvez Mon Actu\" rel=\"nofollow noopener\" data-trk=\"{&quot;cta&quot;:{&quot;action&quot;:&quot;https:\\\/\\\/moncompte.actu.fr&quot;,&quot;category&quot;:&quot;mon compte&quot;,&quot;from&quot;:&quot;article footer&quot;,&quot;name&quot;:&quot;Mon actu&quot;,&quot;type&quot;:&quot;cta&quot;}}\" target=\"_blank\">Mon Actu<\/a>.<\/p>\n<p>                    <script async src=\"\/\/www.tiktok.com\/embed.js\"><\/script><\/p>\n","protected":false},"excerpt":{"rendered":"Par Elo\u00efse Aub\u00e9 Publi\u00e9 le 10 nov. 2025 \u00e0 8h12 Trop, c\u2019est trop. \u00c0 l\u2019appel de la F\u00e9d\u00e9ration&hellip;\n","protected":false},"author":2,"featured_media":524472,"comment_status":"","ping_status":"","sticky":false,"template":"","format":"standard","meta":{"footnotes":""},"categories":[9587],"tags":[1111,11,1003,1777,674,1011,27,6151,12,5161,25,9590,71,104],"class_list":{"0":"post-524471","1":"post","2":"type-post","3":"status-publish","4":"format-standard","5":"has-post-thumbnail","7":"category-rouen","8":"tag-actu","9":"tag-actualites","10":"tag-budget","11":"tag-eu","12":"tag-europe","13":"tag-fr","14":"tag-france","15":"tag-greve","16":"tag-news","17":"tag-normandie","18":"tag-republique-francaise","19":"tag-rouen","20":"tag-sante","21":"tag-societe"},"share_on_mastodon":{"url":"https:\/\/pubeurope.com\/@fr\/115524348755294877","error":""},"_links":{"self":[{"href":"https:\/\/www.europesays.com\/fr\/wp-json\/wp\/v2\/posts\/524471","targetHints":{"allow":["GET"]}}],"collection":[{"href":"https:\/\/www.europesays.com\/fr\/wp-json\/wp\/v2\/posts"}],"about":[{"href":"https:\/\/www.europesays.com\/fr\/wp-json\/wp\/v2\/types\/post"}],"author":[{"embeddable":true,"href":"https:\/\/www.europesays.com\/fr\/wp-json\/wp\/v2\/users\/2"}],"replies":[{"embeddable":true,"href":"https:\/\/www.europesays.com\/fr\/wp-json\/wp\/v2\/comments?post=524471"}],"version-history":[{"count":0,"href":"https:\/\/www.europesays.com\/fr\/wp-json\/wp\/v2\/posts\/524471\/revisions"}],"wp:featuredmedia":[{"embeddable":true,"href":"https:\/\/www.europesays.com\/fr\/wp-json\/wp\/v2\/media\/524472"}],"wp:attachment":[{"href":"https:\/\/www.europesays.com\/fr\/wp-json\/wp\/v2\/media?parent=524471"}],"wp:term":[{"taxonomy":"category","embeddable":true,"href":"https:\/\/www.europesays.com\/fr\/wp-json\/wp\/v2\/categories?post=524471"},{"taxonomy":"post_tag","embeddable":true,"href":"https:\/\/www.europesays.com\/fr\/wp-json\/wp\/v2\/tags?post=524471"}],"curies":[{"name":"wp","href":"https:\/\/api.w.org\/{rel}","templated":true}]}}