{"id":524487,"date":"2025-11-10T08:10:21","date_gmt":"2025-11-10T08:10:21","guid":{"rendered":"https:\/\/www.europesays.com\/fr\/524487\/"},"modified":"2025-11-10T08:10:21","modified_gmt":"2025-11-10T08:10:21","slug":"ces-riverains-deplorent-letat-du-perre-en-bord-de-loire-pres-de-nantes","status":"publish","type":"post","link":"https:\/\/www.europesays.com\/fr\/524487\/","title":{"rendered":"ces riverains d\u00e9plorent l&rsquo;\u00e9tat du perr\u00e9 en bord de Loire, pr\u00e8s de Nantes"},"content":{"rendered":"<p>            Par<br \/>\n        <strong><br \/>\n            <a href=\"https:\/\/actu.fr\/auteur\/vincent-malboeuf\" title=\"Consulter tous les articles de Vincent Malb\u0153uf\" target=\"_blank\" rel=\"noopener\">Vincent Malb\u0153uf<\/a><br \/>\n        <\/strong><\/p>\n<p>        Publi\u00e9 le<\/p>\n<p>            10 nov. 2025 \u00e0 8h48        <\/p>\n<p>\u00ab C\u2019est du jamais vu \u00bb. Ces riverains de la Lev\u00e9e de la Divatte, en bord de Loire, pr\u00e8s de Nantes, tirent la<b> sonnette d\u2019alarme. <\/b>Christophe Hivert, Dominique Freysse, G\u00e9rard Lechat, Hubert Br\u00e9t\u00e9ch\u00e9, Bertrand Coulon habitent ici depuis plusieurs d\u00e9cennies et sont inquiets de voir un perr\u00e9 ma\u00e7onn\u00e9 <b>aussi vert.<\/b><\/p>\n<p>    <a href=\"https:\/\/maps.google.com\/maps?q=47.2720249,-1.4015278&amp;z=15&amp;output=embed\" title=\"Ouvrie le lien\" target=\"_blank\" rel=\"noopener\">Cliquez ici pour visualiser le contenu<\/a><\/p>\n<p>La v\u00e9g\u00e9tation recouvre le perr\u00e9<\/p>\n<p class=\" wall-content\">La <b>v\u00e9g\u00e9tation <\/b>recouvre en effet totalement ce long mur de pierres en pente qui prot\u00e8ge toute la lev\u00e9e de la Divatte en cas de crue,<b> soit 12\u00a0km sur le territoire de la CCSL <\/b>(communaut\u00e9 de communes S\u00e8vre et Loire).<\/p>\n<p class=\" wall-content\">\u00ab Pour la premi\u00e8re fois, on a vu des jeunes pousses de fr\u00eanes, de ch\u00eanes, de saules, de peupliers ou d\u2019ailantes\u2026 L\u2019\u00e9tat du perr\u00e9 s\u2019est d\u00e9grad\u00e9 dans des proportions que nous n\u2019avions jamais vues \u00bb.<\/p>\n<p>\u00ab Le fauchage inadapt\u00e9 \u00bb<\/p>\n<p class=\" wall-content\">Ces membres de l\u2019Association intercommunale de la d\u00e9fense de la Lev\u00e9e de la Divatte (AIDLD) <b>pointent du doigt l\u2019entretien<\/b> r\u00e9alis\u00e9 par les services de la CCSL. La collectivit\u00e9 a r\u00e9cup\u00e9r\u00e9 du D\u00e9partement la gestion de la digue (confi\u00e9e \u00e0 l\u2019Etablissement public Loire depuis janvier 2024).<\/p>\n<blockquote class=\"ac-article-quote wall-content\">\n<p>Apr\u00e8s un an et demi d\u2019entretien discontinu, le premier vrai entretien a \u00e9t\u00e9 effectu\u00e9 en septembre 2024 avec un fauchage, ce qui est malheureusement \u00e0 la fois inadapt\u00e9 mais aussi trop tardif. Pour quelqu\u2019un de passage, \u00e7a passe inaper\u00e7u, mais pour nous riverains, c\u2019est flagrant.<\/p>\n<p>Christophe Hivert, pr\u00e9sident de l\u2019Association intercommunale de d\u00e9fense de la Lev\u00e9e de la Divatte<\/p><\/blockquote>\n<p>    <img   decoding=\"async\" loading=\"lazy\" class=\"size-large\" src=\"https:\/\/www.europesays.com\/fr\/wp-content\/uploads\/2025\/11\/77e443aac8096bbe443aac809cfe44v-960x640.jpg\" alt=\"AIDLD - d\u00e9fense lev\u00e9e de la Divatte - perr\u00e9 - v\u00e9g\u00e9tation\" width=\"960\" height=\"640\"\/><br \/>\n    Christophe Hivert, pr\u00e9sident de l\u2019AIDLD, d\u00e9plore l\u2019entretien r\u00e9alis\u00e9 sur le perr\u00e9, \u00e0 la lev\u00e9e de la Divatte. \u00a9HSMLe brossage, \u00ab\u00a0la meilleure solution\u00a0\u00bb<\/p>\n<p class=\" wall-content\">Or,<b> le brossage (nettoyage en profondeur) <\/b>est \u00ab la meilleure solution \u00bb et non le fauchage, puisque \u00ab cela renforce les plantes \u00e0 leur base en les for\u00e7ant \u00e0 faire des racines encore plus profond\u00e9ment, ce qui fragilise la structure du perr\u00e9. Le ciment se d\u00e9grade ensuite de mani\u00e8re acc\u00e9l\u00e9r\u00e9e car les racines acidifient naturellement le milieu. Sur le bord des routes, c\u2019est tout \u00e0 fait adapt\u00e9, mais sur un ouvrage ciment\u00e9 comme le perr\u00e9, c\u2019est totalement contre productif \u00bb, estiment-ils.<\/p>\n<p>Votre r\u00e9gion, votre actu !<\/p>\n<p>Recevez chaque jour les infos qui comptent pour vous.<\/p>\n<p>\t<a href=\"https:\/\/actu.fr\/newsletter\" class=\"ac-btn ac-btn--corner ac-btn--medium ac-btn--blue800\" target=\"_blank\" rel=\"noopener\">S&rsquo;incrire<\/a><\/p>\n<p class=\" wall-content\"><b>Ces riverains ont alert\u00e9 les services de la CCSL \u00e0 ce sujet<\/b>, sans r\u00e9ussir \u00e0 les convaincre. Le brossage doit \u00eatre r\u00e9alis\u00e9 dans l\u2019id\u00e9al \u00ab une \u00e0 deux fois par an, comme avant \u00bb.<\/p>\n<p class=\" wall-content\">\u00ab Ce n\u2019est pas pour le c\u00f4t\u00e9 esth\u00e9tique, c\u2019est surtout pour une question de s\u00e9curit\u00e9 \u00bb, intervient Dominique Freysse, premier pr\u00e9sident de l\u2019AIDLD il y a une trentaine d\u2019ann\u00e9es.<\/p>\n<p>\u00ab Le risque z\u00e9ro n\u2019existe pas \u00bb<\/p>\n<blockquote class=\"ac-article-quote wall-content\">\n<p>On ne peut pas voir s\u2019il y a une faille ou un trou \u00e0 colmater, car tout est recouvert de v\u00e9g\u00e9tation. En cas de crue, l\u2019eau pourrait s\u2019infiltrer et les premiers en danger, ce sont les riverains de l\u2019autre c\u00f4t\u00e9. Cela concerne 1 650 foyers soit 12 300 habitants si on se base sur tout le p\u00e9rim\u00e8tre du PPRI actuel (Plan de pr\u00e9vention des risques d\u2019inondation, ndlr.). Quand on voit les inondations monstres en Espagne l\u2019an pass\u00e9\u2026 Le risque z\u00e9ro n\u2019existe pas, m\u00eame chez nous. On n\u2019est pas l\u00e0 pour emmerder, on veut pr\u00e9venir et rappeler que l\u2019entretien doit \u00eatre une priorit\u00e9 et une question de bon sens sur cet \u00e9l\u00e9ment patrimonial d\u2019exception.<\/p>\n<p>Bertrand Coulon et Christophe Hivert<\/p><\/blockquote>\n<p>    <img   decoding=\"async\" loading=\"lazy\" class=\"size-large\" src=\"https:\/\/www.europesays.com\/fr\/wp-content\/uploads\/2025\/11\/2c9b123bc809650ab123bc80924ab1v-960x640.jpg\" alt=\"perr\u00e9 divatte Loire - entretien\" width=\"960\" height=\"640\"\/><br \/>\n    Un aper\u00e7u du perr\u00e9 sans v\u00e9g\u00e9tation, en 2010. \u00a9photo transmise par l\u2019AIDLD\u00ab\u00a0On marche \u00e0 l\u2019envers\u00a0\u00bb<\/p>\n<p class=\" wall-content\">Si un brossage a \u00e9t\u00e9 fait \u00ab en partie \u00bb au printemps dernier, <b>le nouveau fauchage en octobre n\u2019a pas plu \u00e0 l\u2019AIDLD<\/b>, fort de 350 membres. Et rejointer ensuite le perr\u00e9 lui para\u00eet \u00ab contreproductif \u00bb et ne doit \u00ab pas \u00eatre prioritaire \u00bb.<\/p>\n<p class=\" wall-content\">\u00ab On marche \u00e0 l\u2019envers, lance d\u00e9pit\u00e9 Christophe Hivert. Nous comprenons que les budgets soient limit\u00e9s mais c\u2019est une fausse excuse car le budget programm\u00e9 est suffisant et est calcul\u00e9 de la m\u00eame fa\u00e7on que celui du D\u00e9partement \u00bb.<\/p>\n<p class=\" wall-content\">Ces riverains de la Loire esp\u00e8rent d\u00e9sormais \u00eatre mieux entendus.<\/p>\n<p class=\" wall-content\">* L\u2019\u00e9lu communautaire en charge de l\u2019eau et assainissement n\u2019a pu \u00eatre joint par la r\u00e9daction.<\/p>\n<p class=\" wall-content\">Personnalisez votre actualit\u00e9 en ajoutant vos villes et m\u00e9dias en favori avec <a href=\"https:\/\/moncompte.actu.fr\" title=\"D\u00e9couvez Mon Actu\" rel=\"nofollow noopener\" data-trk=\"{&quot;cta&quot;:{&quot;action&quot;:&quot;https:\\\/\\\/moncompte.actu.fr&quot;,&quot;category&quot;:&quot;mon compte&quot;,&quot;from&quot;:&quot;article footer&quot;,&quot;name&quot;:&quot;Mon actu&quot;,&quot;type&quot;:&quot;cta&quot;}}\" target=\"_blank\">Mon Actu<\/a>.<\/p>\n","protected":false},"excerpt":{"rendered":"Par Vincent Malb\u0153uf Publi\u00e9 le 10 nov. 2025 \u00e0 8h48 \u00ab C\u2019est du jamais vu \u00bb. Ces riverains&hellip;\n","protected":false},"author":2,"featured_media":524488,"comment_status":"","ping_status":"","sticky":false,"template":"","format":"standard","meta":{"footnotes":""},"categories":[2818],"tags":[1111,11,1777,674,1011,27,3367,766,12,2636,25,104,2900],"class_list":{"0":"post-524487","1":"post","2":"type-post","3":"status-publish","4":"format-standard","5":"has-post-thumbnail","7":"category-nantes","8":"tag-actu","9":"tag-actualites","10":"tag-eu","11":"tag-europe","12":"tag-fr","13":"tag-france","14":"tag-loire","15":"tag-nantes","16":"tag-news","17":"tag-pays-de-la-loire","18":"tag-republique-francaise","19":"tag-societe","20":"tag-vignoble-nantais"},"share_on_mastodon":{"url":"https:\/\/pubeurope.com\/@fr\/115524392628720206","error":""},"_links":{"self":[{"href":"https:\/\/www.europesays.com\/fr\/wp-json\/wp\/v2\/posts\/524487","targetHints":{"allow":["GET"]}}],"collection":[{"href":"https:\/\/www.europesays.com\/fr\/wp-json\/wp\/v2\/posts"}],"about":[{"href":"https:\/\/www.europesays.com\/fr\/wp-json\/wp\/v2\/types\/post"}],"author":[{"embeddable":true,"href":"https:\/\/www.europesays.com\/fr\/wp-json\/wp\/v2\/users\/2"}],"replies":[{"embeddable":true,"href":"https:\/\/www.europesays.com\/fr\/wp-json\/wp\/v2\/comments?post=524487"}],"version-history":[{"count":0,"href":"https:\/\/www.europesays.com\/fr\/wp-json\/wp\/v2\/posts\/524487\/revisions"}],"wp:featuredmedia":[{"embeddable":true,"href":"https:\/\/www.europesays.com\/fr\/wp-json\/wp\/v2\/media\/524488"}],"wp:attachment":[{"href":"https:\/\/www.europesays.com\/fr\/wp-json\/wp\/v2\/media?parent=524487"}],"wp:term":[{"taxonomy":"category","embeddable":true,"href":"https:\/\/www.europesays.com\/fr\/wp-json\/wp\/v2\/categories?post=524487"},{"taxonomy":"post_tag","embeddable":true,"href":"https:\/\/www.europesays.com\/fr\/wp-json\/wp\/v2\/tags?post=524487"}],"curies":[{"name":"wp","href":"https:\/\/api.w.org\/{rel}","templated":true}]}}