{"id":524499,"date":"2025-11-10T08:17:18","date_gmt":"2025-11-10T08:17:18","guid":{"rendered":"https:\/\/www.europesays.com\/fr\/524499\/"},"modified":"2025-11-10T08:17:18","modified_gmt":"2025-11-10T08:17:18","slug":"les-femmes-font-leur-cinema-4-projections-pour-raconter-le-reel","status":"publish","type":"post","link":"https:\/\/www.europesays.com\/fr\/524499\/","title":{"rendered":"Les Femmes font leur cin\u00e9ma : 4 projections pour raconter le r\u00e9el"},"content":{"rendered":"<p class=\"introduction\">Du 18 novembre 2025 au 28 mai 2026, l\u2019op\u00e9ration Les Femmes font leur cin\u00e9ma revient \u00e0 Roubaix. Quatre films choisis par des habitantes, habitants et associations partenaires, pour parler du quotidien, des combats, des histoires de femmes. Pour ouvrir la discussion, deux jours plus tard, un d\u00e9bat public sera organis\u00e9 \u00e0 la M\u00e9diath\u00e8que La Grand-Plage.<\/p>\n<p data-start=\"678\" data-end=\"1001\">Cr\u00e9\u00e9e en 2013, l\u2019op\u00e9ration Les Femmes font leur cin\u00e9ma repart pour une nouvelle \u00e9dition. Quatre s\u00e9ances sont programm\u00e9es les mardis 18 novembre 2025, 27 janvier, 10 mars et 26 mai 2026 au M\u00e9garama de Roubaix (47 Grande Rue), toutes \u00e0 <strong data-start=\"914\" data-end=\"923\">13h45.<\/strong><\/p>\n<p data-start=\"1003\" data-end=\"1307\">Cette programmation est le fruit d\u2019un comit\u00e9 compos\u00e9 d\u2019habitantes, d\u2019habitants et de partenaires associatifs, qui s\u00e9lectionne chaque ann\u00e9e des films r\u00e9alistes et sensibles, centr\u00e9s sur des r\u00e9cits de femmes. Cette d\u00e9marche fait partie du cycle Les publics font leur cin\u00e9ma (Jeunes \/ Femmes \/ Quartiers).<\/p>\n<p><strong data-start=\"1309\" data-end=\"1341\">La programmation 2025-2026 :<\/strong><\/p>\n<ul>\n<li data-start=\"1343\" data-end=\"1605\"><strong data-start=\"1343\" data-end=\"1392\">Mardi 18 novembre \u2013 Toni en famille \u2013 13h45<\/strong><br data-start=\"1392\" data-end=\"1395\"\/>de Nathan Ambrosioni \u2013 2023 \u2013 1h36<br data-start=\"1431\" data-end=\"1434\"\/>Antonia \u00e9l\u00e8ve seule ses cinq enfants. Entre travail, organisation et r\u00eaves report\u00e9s, elle se questionne sur l\u2019avenir au moment o\u00f9 les deux a\u00een\u00e9s quittent bient\u00f4t le foyer. (<a href=\"https:\/\/www.youtube.com\/watch?v=B3QJg6w28us\" target=\"_blank\" rel=\"noopener nofollow\">voir la bande-annonce du film<\/a>)<\/li>\n<li data-start=\"1607\" data-end=\"1888\"><strong data-start=\"1607\" data-end=\"1659\">Mardi 27 janvier \u2013 Des jours meilleurs \u2013 13h45<\/strong><br data-start=\"1659\" data-end=\"1662\"\/>de Elsa Bennett et Hippolyte Dard \u2013 2023 \u2013 1h44<br data-start=\"1711\" data-end=\"1714\"\/>Suzanne se reconstruit apr\u00e8s un accident et une cure d\u2019alcoologie. Avec Alice et Diane, elle se lance dans un improbable projet collectif : pr\u00e9parer un rallye dans le d\u00e9sert. (<a href=\"https:\/\/www.youtube.com\/watch?v=_Wbb6UdBuHA\" target=\"_blank\" rel=\"noopener nofollow\">voir la bande-annonce du film<\/a>)<\/li>\n<li data-start=\"1890\" data-end=\"2131\"><strong data-start=\"1890\" data-end=\"1932\">Mardi 10 mars \u2013 Annie Col\u00e8re \u2013 13h45<\/strong><br data-start=\"1932\" data-end=\"1935\"\/>de Blandine Lenoir \u2013 2022 \u2013 2h00<br data-start=\"1969\" data-end=\"1972\"\/>1974. Annie rencontre le MLAC, mouvement militant pour l\u2019acc\u00e8s \u00e0 l\u2019avortement et la contraception. Un film lumineux sur l\u2019engagement et la conqu\u00eate des droits. (<a href=\"https:\/\/www.youtube.com\/watch?v=Bh67hz0eAww\" target=\"_blank\" rel=\"noopener nofollow\">voir la bande-annonce du film<\/a>)<\/li>\n<li data-start=\"2133\" data-end=\"2347\"><strong data-start=\"2133\" data-end=\"2174\">Mardi 26 mai \u2013 Jeunes m\u00e8res \u2013 13h45<\/strong><br data-start=\"2174\" data-end=\"2177\"\/>de Jean-Pierre et Luc Dardenne \u2013 2025 \u2013 1h45<br data-start=\"2223\" data-end=\"2226\"\/>Cinq adolescentes h\u00e9berg\u00e9es en maison maternelle tentent de construire une vie possible, pour elles, et pour leur enfant. (<a href=\"https:\/\/www.youtube.com\/watch?v=O-xc8yrDijk\" target=\"_blank\" rel=\"noopener nofollow\">voir la bande-annonce du film<\/a>)<\/li>\n<\/ul>\n<p data-start=\"2349\" data-end=\"2541\"><strong data-start=\"2349\" data-end=\"2375\">Et apr\u00e8s chaque s\u00e9ance<\/strong> :<br data-start=\"2377\" data-end=\"2380\"\/>le <strong data-start=\"2383\" data-end=\"2406\">jeudi suivant \u00e0 14h<\/strong>, rendez-vous \u00e0 la <strong data-start=\"2425\" data-end=\"2455\">M\u00e9diath\u00e8que La Grand-Plage<\/strong> pour un d\u00e9bat ouvert au public, anim\u00e9 par <strong data-start=\"2498\" data-end=\"2516\">Fatiha Dahmani<\/strong> (Centre social du Pile).<\/p>\n<p data-start=\"2543\" data-end=\"2636\"><strong data-start=\"2543\" data-end=\"2553\">Tarifs<\/strong><br data-start=\"2553\" data-end=\"2556\"\/>\u2013 Plein tarif : 5 \u20ac<br data-start=\"2575\" data-end=\"2578\"\/>\u2013 Tarif de groupe : 2 \u20ac (via les associations partenaires)<\/p>\n","protected":false},"excerpt":{"rendered":"Du 18 novembre 2025 au 28 mai 2026, l\u2019op\u00e9ration Les Femmes font leur cin\u00e9ma revient \u00e0 Roubaix. Quatre&hellip;\n","protected":false},"author":2,"featured_media":524500,"comment_status":"","ping_status":"","sticky":false,"template":"","format":"standard","meta":{"footnotes":""},"categories":[2815],"tags":[1111,11,650,1777,674,1011,27,811,1307,12,25],"class_list":{"0":"post-524499","1":"post","2":"type-post","3":"status-publish","4":"format-standard","5":"has-post-thumbnail","7":"category-lille","8":"tag-actu","9":"tag-actualites","10":"tag-cinema","11":"tag-eu","12":"tag-europe","13":"tag-fr","14":"tag-france","15":"tag-hauts-de-france","16":"tag-lille","17":"tag-news","18":"tag-republique-francaise"},"share_on_mastodon":{"url":"https:\/\/pubeurope.com\/@fr\/115524419288624416","error":""},"_links":{"self":[{"href":"https:\/\/www.europesays.com\/fr\/wp-json\/wp\/v2\/posts\/524499","targetHints":{"allow":["GET"]}}],"collection":[{"href":"https:\/\/www.europesays.com\/fr\/wp-json\/wp\/v2\/posts"}],"about":[{"href":"https:\/\/www.europesays.com\/fr\/wp-json\/wp\/v2\/types\/post"}],"author":[{"embeddable":true,"href":"https:\/\/www.europesays.com\/fr\/wp-json\/wp\/v2\/users\/2"}],"replies":[{"embeddable":true,"href":"https:\/\/www.europesays.com\/fr\/wp-json\/wp\/v2\/comments?post=524499"}],"version-history":[{"count":0,"href":"https:\/\/www.europesays.com\/fr\/wp-json\/wp\/v2\/posts\/524499\/revisions"}],"wp:featuredmedia":[{"embeddable":true,"href":"https:\/\/www.europesays.com\/fr\/wp-json\/wp\/v2\/media\/524500"}],"wp:attachment":[{"href":"https:\/\/www.europesays.com\/fr\/wp-json\/wp\/v2\/media?parent=524499"}],"wp:term":[{"taxonomy":"category","embeddable":true,"href":"https:\/\/www.europesays.com\/fr\/wp-json\/wp\/v2\/categories?post=524499"},{"taxonomy":"post_tag","embeddable":true,"href":"https:\/\/www.europesays.com\/fr\/wp-json\/wp\/v2\/tags?post=524499"}],"curies":[{"name":"wp","href":"https:\/\/api.w.org\/{rel}","templated":true}]}}