{"id":524503,"date":"2025-11-10T08:19:16","date_gmt":"2025-11-10T08:19:16","guid":{"rendered":"https:\/\/www.europesays.com\/fr\/524503\/"},"modified":"2025-11-10T08:19:16","modified_gmt":"2025-11-10T08:19:16","slug":"a-marseille-la-ressource-en-eau-et-le-tri-selectif-mieux-geres","status":"publish","type":"post","link":"https:\/\/www.europesays.com\/fr\/524503\/","title":{"rendered":"\u00c0 Marseille, la ressource en eau et le tri s\u00e9lectif mieux g\u00e9r\u00e9s"},"content":{"rendered":"<p>                    <img loading=\"lazy\" decoding=\"async\" src=\"https:\/\/www.europesays.com\/fr\/wp-content\/uploads\/2025\/11\/5394fc78a3a3f50741f629b923ca09.jpg\" class=\"img-responsive post-image\" width=\"680\" height=\"510\" alt=\"\u00c0 Marseille, la ressource\" title=\"\u00c0 Marseille, la ressource en eau et le tri s\u00e9lectif mieux g\u00e9r\u00e9s\"\/><\/p>\n<p class=\"chapo\">En 2022, la Ville de Marseille a vot\u00e9 un Plan de pr\u00e9servation de la ressource en eau.<\/p>\n<p>Ainsi, elle a am\u00e9lior\u00e9 la<strong> d\u00e9tection des fuites sur les r\u00e9seaux municipau<\/strong>x,<strong> maximis\u00e9 la r\u00e9cup\u00e9ration d\u2019eau de pluie, repositionn\u00e9 les vidanges des piscines hors p\u00e9riode estivale et exp\u00e9riment\u00e9 la r\u00e9utilisation d\u2019eaux grises<\/strong> (qui proviennent de l\u2019usage domestique) dans les espaces verts. Et, elle a r\u00e9duit sa consommation d\u2019eau de 30%, soit l\u2019\u00e9quivalent de 1 million de bouteilles sur 6 ans.<br class=\"texte\"\/><br \/>\nPour \u00e9conomiser l\u2019eau de ses parcs et jardins, la Ville les \u00e9quipe en arrosage connect\u00e9. Ce syst\u00e8me permet d\u2019adapter la quantit\u00e9 d\u2019eau aux besoins des v\u00e9g\u00e9taux gr\u00e2ce \u00e0 une application num\u00e9rique et des sondes d\u2019humidit\u00e9 dans le sol et ainsi \u00e9conomiser jusqu\u2019\u00e0 66% des d\u00e9penses en eau. La totalit\u00e9 des parcs et jardins municipaux en seront dot\u00e9s d\u2019ici \u00e0 2026. En compl\u00e9ment, lors des travaux de r\u00e9novation effectu\u00e9s dans les parcs et jardins municipaux, la Ville d\u00e9simperm\u00e9abilise les sols, l\u00e0 o\u00f9 c\u2019est possible, ou installe des rev\u00eatements plus perm\u00e9ables pour que les eaux de pluie puissent s\u2019infiltrer et irriguer naturellement la v\u00e9g\u00e9tation.<\/p>\n<p>AM\u00c9LIORER LE TRI S\u00c9LECTIF<\/p>\n<p>La Ville s\u2019est fix\u00e9 l\u2019ambition d\u2019une<strong> ville z\u00e9ro d\u00e9chet z\u00e9ro plastique d\u2019ici 2030. <\/strong> Cette ambition a pris une nouvelle ampleur avec la d\u00e9signation de la Ville comme laur\u00e9ate de l\u2019appel \u00e0 projets de Citeo (entreprise sp\u00e9cialis\u00e9e dans le recyclage des emballages m\u00e9nagers) visant \u00e0 accompagner le d\u00e9veloppement du tri des emballages en dehors du domicile. Ainsi, Citeo soutient la Ville \u00e0 hauteur de 1,3 million d\u2019\u20ac afin de mettre en place, d\u2019ici 2026, dans l\u2019ensemble des lieux municipaux (\u00e9coles, parcs, plages, salles de spectacles, sites administratifs, etc.) des bacs de tri adapt\u00e9s aux besoins des usagers. Depuis 2024, le tri est effectif sur l\u2019ensemble des 470 \u00e9coles, des 59 cr\u00e8ches municipales, sur les 13 plages surveill\u00e9es du littoral marseillais et les 25 sites du bataillon de marins-pompiers.<\/p>\n<p><strong>La Ville m\u00e8ne tout au long de l\u2019ann\u00e9e des op\u00e9rations pour sensibiliser les habitants au tri. Durant la saison estivale, des actions de sensibilisation sont organis\u00e9es notamment sur les plages et dans les parcs, afin de leur transmettre les bons gestes pour r\u00e9duire les quantit\u00e9s de d\u00e9chets abandonn\u00e9s et am\u00e9liorer la qualit\u00e9 du geste de tri.<\/strong><\/p>\n<p>Photo de Une\u00a0: \u00a9Ville de Marseille<\/p>\n","protected":false},"excerpt":{"rendered":"En 2022, la Ville de Marseille a vot\u00e9 un Plan de pr\u00e9servation de la ressource en eau. Ainsi,&hellip;\n","protected":false},"author":2,"featured_media":524504,"comment_status":"","ping_status":"","sticky":false,"template":"","format":"standard","meta":{"footnotes":""},"categories":[2814],"tags":[1111,11,2408,1777,674,1011,27,884,12,882,25],"class_list":{"0":"post-524503","1":"post","2":"type-post","3":"status-publish","4":"format-standard","5":"has-post-thumbnail","7":"category-marseille","8":"tag-actu","9":"tag-actualites","10":"tag-appels-d","11":"tag-eu","12":"tag-europe","13":"tag-fr","14":"tag-france","15":"tag-marseille","16":"tag-news","17":"tag-provence-alpes-cote-dazur","18":"tag-republique-francaise"},"share_on_mastodon":{"url":"https:\/\/pubeurope.com\/@fr\/115524427847232445","error":""},"_links":{"self":[{"href":"https:\/\/www.europesays.com\/fr\/wp-json\/wp\/v2\/posts\/524503","targetHints":{"allow":["GET"]}}],"collection":[{"href":"https:\/\/www.europesays.com\/fr\/wp-json\/wp\/v2\/posts"}],"about":[{"href":"https:\/\/www.europesays.com\/fr\/wp-json\/wp\/v2\/types\/post"}],"author":[{"embeddable":true,"href":"https:\/\/www.europesays.com\/fr\/wp-json\/wp\/v2\/users\/2"}],"replies":[{"embeddable":true,"href":"https:\/\/www.europesays.com\/fr\/wp-json\/wp\/v2\/comments?post=524503"}],"version-history":[{"count":0,"href":"https:\/\/www.europesays.com\/fr\/wp-json\/wp\/v2\/posts\/524503\/revisions"}],"wp:featuredmedia":[{"embeddable":true,"href":"https:\/\/www.europesays.com\/fr\/wp-json\/wp\/v2\/media\/524504"}],"wp:attachment":[{"href":"https:\/\/www.europesays.com\/fr\/wp-json\/wp\/v2\/media?parent=524503"}],"wp:term":[{"taxonomy":"category","embeddable":true,"href":"https:\/\/www.europesays.com\/fr\/wp-json\/wp\/v2\/categories?post=524503"},{"taxonomy":"post_tag","embeddable":true,"href":"https:\/\/www.europesays.com\/fr\/wp-json\/wp\/v2\/tags?post=524503"}],"curies":[{"name":"wp","href":"https:\/\/api.w.org\/{rel}","templated":true}]}}