{"id":524505,"date":"2025-11-10T08:20:21","date_gmt":"2025-11-10T08:20:21","guid":{"rendered":"https:\/\/www.europesays.com\/fr\/524505\/"},"modified":"2025-11-10T08:20:21","modified_gmt":"2025-11-10T08:20:21","slug":"un-jeune-de-17-ans-blesse-par-balle-aux-aygalades","status":"publish","type":"post","link":"https:\/\/www.europesays.com\/fr\/524505\/","title":{"rendered":"un jeune de 17 ans bless\u00e9 par balle aux Aygalades"},"content":{"rendered":"<p>Selon nos informations, les marins-pompiers de Marseille sont intervenus cit\u00e9 des Aygalades \u00e0 Marseille, pour porter secours \u00e0 un jeune homme bless\u00e9 par balle.<\/p>\n<p>Un jeune homme de 17 ans a \u00e9t\u00e9 bless\u00e9 par balle ce dimanche 9 novembre en d\u00e9but de soir\u00e9e, aux alentours de 20h13, dans la cit\u00e9 des Aygalades, situ\u00e9e dans le 15e arrondissement de Marseille.<\/p>\n<p>Touch\u00e9 \u00e0 la cheville, il a \u00e9t\u00e9 pris en charge par les secours et transport\u00e9 vers l\u2019h\u00f4pital. Son pronostic vital n\u2019est pas engag\u00e9.<\/p>\n","protected":false},"excerpt":{"rendered":"Selon nos informations, les marins-pompiers de Marseille sont intervenus cit\u00e9 des Aygalades \u00e0 Marseille, pour porter secours \u00e0&hellip;\n","protected":false},"author":2,"featured_media":79730,"comment_status":"","ping_status":"","sticky":false,"template":"","format":"standard","meta":{"footnotes":""},"categories":[2814],"tags":[1111,11,64463,1777,674,1011,27,18640,884,12,882,25],"class_list":{"0":"post-524505","1":"post","2":"type-post","3":"status-publish","4":"format-standard","5":"has-post-thumbnail","7":"category-marseille","8":"tag-actu","9":"tag-actualites","10":"tag-blesse-par-balle","11":"tag-eu","12":"tag-europe","13":"tag-fr","14":"tag-france","15":"tag-marins-pompiers","16":"tag-marseille","17":"tag-news","18":"tag-provence-alpes-cote-dazur","19":"tag-republique-francaise"},"share_on_mastodon":{"url":"https:\/\/pubeurope.com\/@fr\/115524431093551733","error":""},"_links":{"self":[{"href":"https:\/\/www.europesays.com\/fr\/wp-json\/wp\/v2\/posts\/524505","targetHints":{"allow":["GET"]}}],"collection":[{"href":"https:\/\/www.europesays.com\/fr\/wp-json\/wp\/v2\/posts"}],"about":[{"href":"https:\/\/www.europesays.com\/fr\/wp-json\/wp\/v2\/types\/post"}],"author":[{"embeddable":true,"href":"https:\/\/www.europesays.com\/fr\/wp-json\/wp\/v2\/users\/2"}],"replies":[{"embeddable":true,"href":"https:\/\/www.europesays.com\/fr\/wp-json\/wp\/v2\/comments?post=524505"}],"version-history":[{"count":0,"href":"https:\/\/www.europesays.com\/fr\/wp-json\/wp\/v2\/posts\/524505\/revisions"}],"wp:featuredmedia":[{"embeddable":true,"href":"https:\/\/www.europesays.com\/fr\/wp-json\/wp\/v2\/media\/79730"}],"wp:attachment":[{"href":"https:\/\/www.europesays.com\/fr\/wp-json\/wp\/v2\/media?parent=524505"}],"wp:term":[{"taxonomy":"category","embeddable":true,"href":"https:\/\/www.europesays.com\/fr\/wp-json\/wp\/v2\/categories?post=524505"},{"taxonomy":"post_tag","embeddable":true,"href":"https:\/\/www.europesays.com\/fr\/wp-json\/wp\/v2\/tags?post=524505"}],"curies":[{"name":"wp","href":"https:\/\/api.w.org\/{rel}","templated":true}]}}