{"id":524509,"date":"2025-11-10T08:26:24","date_gmt":"2025-11-10T08:26:24","guid":{"rendered":"https:\/\/www.europesays.com\/fr\/524509\/"},"modified":"2025-11-10T08:26:24","modified_gmt":"2025-11-10T08:26:24","slug":"un-homme-arme-dun-couteau-affirme-etre-le-joker-du-film-batman-et-agresse-deux-personnes-au-visage-en-plein-paris","status":"publish","type":"post","link":"https:\/\/www.europesays.com\/fr\/524509\/","title":{"rendered":"Un homme arm\u00e9 d\u2019un couteau \u00ab\u00a0affirme \u00eatre le Joker du film Batman\u00a0\u00bb et agresse deux personnes au visage en plein Paris"},"content":{"rendered":"<p>Cr\u00e9\u00e9 dans les ann\u00e9es 1940, <a href=\"https:\/\/www.femmeactuelle.fr\/actu\/news-actu\/joaquin-phoenix-qui-est-rooney-mara-sa-compagne-2084806\" target=\"_blank\" rel=\"noopener\">le personnage du Joker<\/a>, figure embl\u00e9matique de la franchise DC Comics et de <a href=\"https:\/\/www.femmeactuelle.fr\/actu\/news-actu\/jai-rate-cette-scene-marion-cotillard-sans-filtre-sur-la-mort-de-son-personnage-dans-le-batman-de-christopher-nolan-2187818\" target=\"_blank\" rel=\"noopener\">l\u2019univers de Batman<\/a>, <strong>n\u2019a pas fini de faire parler de lui<\/strong>. Ennemi que l\u2019on ne pr\u00e9sente plus de <a href=\"https:\/\/www.femmeactuelle.fr\/actu\/news-actu\/je-vais-avoir-des-problemes-avec-batman-dany-boon-devoile-une-anecdote-improbable-sur-lun-de-ses-cinq-enfants-2195085\" target=\"_blank\" rel=\"noopener\">\u00ab\u00a0l\u2019homme chauve-souris\u00a0\u00bb<\/a>, il s\u2019est invit\u00e9 tragiquement dans les rues de Paris, dans la nuit du dimanche 9 novembre 2025, alors qu\u2019un homme <a href=\"https:\/\/www.femmeactuelle.fr\/actu\/news-actu\/quand-je-suis-arrivee-il-etait-mort-un-homme-en-fauteuil-roulant-qui-faisait-des-lives-sur-tiktok-tue-a-larme-blanche-a-lyon-sa-soeur-raconte-le-drame-2198268\" target=\"_blank\" rel=\"noopener\">muni d\u2019une arme blanche<\/a> s\u00e9vissait dans le VIIe arrondissement de Paris. En effet, d\u2019apr\u00e8s le site Actu17, qui a r\u00e9v\u00e9l\u00e9 le premier l\u2019affaire, un individu dont on ne conna\u00eet pas le profil pr\u00e9cis a <strong>agress\u00e9 et bless\u00e9 deux personnes au visage<\/strong>, en pleine rue, aux abords des Champs-\u00c9lys\u00e9es et du Grand Palais.<\/p>\n<p>Les faits se sont d\u00e9roul\u00e9s vers 21h30, pr\u00e9cisait le journaliste R\u00e9my Buisine de Brut sur TikTok, expliquant qu\u2019un homme arm\u00e9 a donn\u00e9 deux coups de couteau au visage \u00e0 un autre homme alors qu\u2019il \u00e9tait dans la rue Fran\u00e7ois 1er \u00e0 Paris avec sa compagne. Cette derni\u00e8re a alors alert\u00e9 les policiers, qui ont pris en chasse l\u2019individu arm\u00e9. Une fois au niveau du Grand Palais, celui-ci a agress\u00e9 une deuxi\u00e8me personne, toujours au visage, avant d\u2019\u00eatre interpell\u00e9 par les forces de l\u2019ordre, non sans les menacer. Depuis plac\u00e9 en garde \u00e0 vue, il fera l\u2019objet d\u2019un examen psychiatrique approfondi car, comme le d\u00e9voilait une source proche de l\u2019affaire \u00e0 nos confr\u00e8res d&rsquo;Actu17, <strong>le suspect <\/strong><strong>\u00ab\u00a0affirme \u00eatre le Joker du <\/strong><a href=\"https:\/\/www.femmeactuelle.fr\/actu\/news-actu\/the-batman-5-choses-a-savoir-sur-le-film-avec-robert-pattinson-et-zoe-kravitz-2136540\" target=\"_blank\" rel=\"noopener\"><strong>film Batman<\/strong><\/a><strong>\u00ab\u00a0<\/strong>. Il aurait d\u2019ailleurs agi dans le but de reproduire le sourire du c\u00e9l\u00e8bre personnage sur ses victimes.<\/p>\n<p>Deux hommes bless\u00e9s au visage : leur pronostic vital n\u2019est pas engag\u00e9<\/p>\n<p>Les deux victimes de <a href=\"https:\/\/www.femmeactuelle.fr\/actu\/news-actu\/la-cavale-improbable-du-dangereux-joker-recherche-par-interpol-apres-setre-echappe-de-prison-dans-un-sac-2195701\" target=\"_blank\" rel=\"noopener\">ce terrible imitateur du Joker<\/a>, qui ont \u00e9t\u00e9 bless\u00e9es au visage au niveau des joues, sont actuellement hospitalis\u00e9es, d\u2019apr\u00e8s R\u00e9my Buisine. Heureusement, toujours d\u2019apr\u00e8s le journaliste de Brut., <strong>leur pronostic vital n\u2019a pas \u00e9t\u00e9 engag\u00e9<\/strong>. Elles seront sans aucun doute entendues dans le cadre de l\u2019enqu\u00eate ouverte cette nuit pour tentative de meurtre. D\u2019autres informations sont attendues.<\/p>\n<p>Sources :<\/p>\n<ul>\n<li>Paris : Deux passants bless\u00e9s \u00e0 l&rsquo;arme blanche au visage, un homme interpell\u00e9 &#8211; <a href=\"https:\/\/actu17.fr\/faits-divers\/paris-deux-passants-blesses-a-larme-blanche-au-visage-un-homme-interpelle.html\" rel=\"nofollow noopener\" target=\"_blank\">Actu17<\/a>, le 10 novembre 2025.<\/li>\n<li>R\u00e9my Buisine &#8211; <a href=\"https:\/\/www.tiktok.com\/@remybuisine\/video\/7570906466777910550?_r=1&amp;_t=ZN-91H87eImU9G\" rel=\"nofollow noopener\" target=\"_blank\">TikTok<\/a>, le 10 novembre 2025.<\/li>\n<\/ul>\n<p>        <script async src=\"\/\/www.tiktok.com\/embed.js\"><\/script><\/p>\n","protected":false},"excerpt":{"rendered":"Cr\u00e9\u00e9 dans les ann\u00e9es 1940, le personnage du Joker, figure embl\u00e9matique de la franchise DC Comics et de&hellip;\n","protected":false},"author":2,"featured_media":524510,"comment_status":"","ping_status":"","sticky":false,"template":"","format":"standard","meta":{"footnotes":""},"categories":[1888],"tags":[1111,1928,11,1927,1120,834,1777,674,118,1011,27,12,1926,626,1925,1072,25],"class_list":{"0":"post-524509","1":"post","2":"type-post","3":"status-publish","4":"format-standard","5":"has-post-thumbnail","7":"category-paris","8":"tag-actu","9":"tag-actu-paris","10":"tag-actualites","11":"tag-actualites-paris","12":"tag-agression","13":"tag-attaque","14":"tag-eu","15":"tag-europe","16":"tag-faits-divers","17":"tag-fr","18":"tag-france","19":"tag-news","20":"tag-news-paris","21":"tag-paris","22":"tag-paris-news","23":"tag-police","24":"tag-republique-francaise"},"share_on_mastodon":{"url":"https:\/\/pubeurope.com\/@fr\/115524455038595437","error":""},"_links":{"self":[{"href":"https:\/\/www.europesays.com\/fr\/wp-json\/wp\/v2\/posts\/524509","targetHints":{"allow":["GET"]}}],"collection":[{"href":"https:\/\/www.europesays.com\/fr\/wp-json\/wp\/v2\/posts"}],"about":[{"href":"https:\/\/www.europesays.com\/fr\/wp-json\/wp\/v2\/types\/post"}],"author":[{"embeddable":true,"href":"https:\/\/www.europesays.com\/fr\/wp-json\/wp\/v2\/users\/2"}],"replies":[{"embeddable":true,"href":"https:\/\/www.europesays.com\/fr\/wp-json\/wp\/v2\/comments?post=524509"}],"version-history":[{"count":0,"href":"https:\/\/www.europesays.com\/fr\/wp-json\/wp\/v2\/posts\/524509\/revisions"}],"wp:featuredmedia":[{"embeddable":true,"href":"https:\/\/www.europesays.com\/fr\/wp-json\/wp\/v2\/media\/524510"}],"wp:attachment":[{"href":"https:\/\/www.europesays.com\/fr\/wp-json\/wp\/v2\/media?parent=524509"}],"wp:term":[{"taxonomy":"category","embeddable":true,"href":"https:\/\/www.europesays.com\/fr\/wp-json\/wp\/v2\/categories?post=524509"},{"taxonomy":"post_tag","embeddable":true,"href":"https:\/\/www.europesays.com\/fr\/wp-json\/wp\/v2\/tags?post=524509"}],"curies":[{"name":"wp","href":"https:\/\/api.w.org\/{rel}","templated":true}]}}