{"id":524517,"date":"2025-11-10T08:30:16","date_gmt":"2025-11-10T08:30:16","guid":{"rendered":"https:\/\/www.europesays.com\/fr\/524517\/"},"modified":"2025-11-10T08:30:16","modified_gmt":"2025-11-10T08:30:16","slug":"dans-une-serbie-pro-poutine-les-exiles-russes-se-font-discrets","status":"publish","type":"post","link":"https:\/\/www.europesays.com\/fr\/524517\/","title":{"rendered":"dans une Serbie pro-Poutine, les exil\u00e9s russes se font discrets"},"content":{"rendered":"<p>Apr\u00e8s avoir pass\u00e9 trois ans \u00e0 Belgrade, Anastasia, originaire de Tomsk en Sib\u00e9rie occidentale, est pr\u00eate \u00e0 faire ses valises. Avec son mari qui travaille dans l\u2019informatique, elle va d\u00e9m\u00e9nager en Espagne. \u00ab\u00a0Je ne regrette pas mon temps ici, j\u2019adore cette ville (mis \u00e0 part la qualit\u00e9 de l\u2019air), mais je me sens discrimin\u00e9e\u00a0: il est tr\u00e8s difficile d\u2019obtenir un passeport serbe, alors que je vois r\u00e9guli\u00e8rement des hommes politiques russes le recevoir sans probl\u00e8me\u00a0\u00bb, explique-t-elle. \u00ab\u00a0Et puis, avec l\u2019autoritarisme qui grimpe ici, je n\u2019ai pas envie de me retrouver dans dix ans dans la m\u00eame situation qu\u2019en Russie.\u00a0\u00bb<\/p>\n<p>Cet article est r\u00e9serv\u00e9 aux abonn\u00e9s<\/p>\n<p>\n                    Vous souhaitez lire la suite\u00a0? Abonnez-vous sans engagement \u00e0 notre offre num\u00e9rique\n                <\/p>\n<p>                <a href=\"https:\/\/www.la-croix.com\/abonnement\" class=\"default-paywall__subscribe-button\" data-tracking=\"cta_click\" data-tracking-action=\"voir la page abonnement\" data-tracking-category=\"abonnement\" rel=\"nofollow noopener\" target=\"_blank\">Je m&rsquo;abonne<\/a><\/p>\n","protected":false},"excerpt":{"rendered":"Apr\u00e8s avoir pass\u00e9 trois ans \u00e0 Belgrade, Anastasia, originaire de Tomsk en Sib\u00e9rie occidentale, est pr\u00eate \u00e0 faire&hellip;\n","protected":false},"author":2,"featured_media":524518,"comment_status":"","ping_status":"","sticky":false,"template":"","format":"standard","meta":{"footnotes":""},"categories":[1591],"tags":[11,1887,12,1885,1886,132],"class_list":{"0":"post-524517","1":"post","2":"type-post","3":"status-publish","4":"format-standard","5":"has-post-thumbnail","7":"category-russie","8":"tag-actualites","9":"tag-federation-de-russie","10":"tag-news","11":"tag-russia","12":"tag-russian-federation","13":"tag-russie"},"share_on_mastodon":{"url":"https:\/\/pubeurope.com\/@fr\/115524471271724176","error":""},"_links":{"self":[{"href":"https:\/\/www.europesays.com\/fr\/wp-json\/wp\/v2\/posts\/524517","targetHints":{"allow":["GET"]}}],"collection":[{"href":"https:\/\/www.europesays.com\/fr\/wp-json\/wp\/v2\/posts"}],"about":[{"href":"https:\/\/www.europesays.com\/fr\/wp-json\/wp\/v2\/types\/post"}],"author":[{"embeddable":true,"href":"https:\/\/www.europesays.com\/fr\/wp-json\/wp\/v2\/users\/2"}],"replies":[{"embeddable":true,"href":"https:\/\/www.europesays.com\/fr\/wp-json\/wp\/v2\/comments?post=524517"}],"version-history":[{"count":0,"href":"https:\/\/www.europesays.com\/fr\/wp-json\/wp\/v2\/posts\/524517\/revisions"}],"wp:featuredmedia":[{"embeddable":true,"href":"https:\/\/www.europesays.com\/fr\/wp-json\/wp\/v2\/media\/524518"}],"wp:attachment":[{"href":"https:\/\/www.europesays.com\/fr\/wp-json\/wp\/v2\/media?parent=524517"}],"wp:term":[{"taxonomy":"category","embeddable":true,"href":"https:\/\/www.europesays.com\/fr\/wp-json\/wp\/v2\/categories?post=524517"},{"taxonomy":"post_tag","embeddable":true,"href":"https:\/\/www.europesays.com\/fr\/wp-json\/wp\/v2\/tags?post=524517"}],"curies":[{"name":"wp","href":"https:\/\/api.w.org\/{rel}","templated":true}]}}