{"id":52452,"date":"2025-04-25T19:01:11","date_gmt":"2025-04-25T19:01:11","guid":{"rendered":"https:\/\/www.europesays.com\/fr\/52452\/"},"modified":"2025-04-25T19:01:11","modified_gmt":"2025-04-25T19:01:11","slug":"la-russie-et-les-etats-unis-saccordent-pression-maximale-sur-kiev","status":"publish","type":"post","link":"https:\/\/www.europesays.com\/fr\/52452\/","title":{"rendered":"La Russie et les Etats-Unis s&rsquo;accordent, pression maximale sur Kiev"},"content":{"rendered":"<p><strong>R\u00e9cap &#8211; \u00ab 20 Minutes \u00bb fait le point pour vous tous les soirs sur l\u2019avanc\u00e9e du conflit en Ukraine. Ce vendredi, au 1.157e jour de guerre, la journ\u00e9e a \u00e9t\u00e9 marqu\u00e9e par le rapprochement entre les Etats-Unis et la Russie, notamment au sujet de la Crim\u00e9e<\/strong><\/p>\n<p>Vous avez rat\u00e9 les derniers \u00e9v\u00e9nements sur la <a href=\"https:\/\/www.20minutes.fr\/monde\/ukraine\/?at_medium=RSS+feed&amp;at_campaign=ynews&amp;utm_source=yahoo&amp;utm_medium=rss&amp;utm_campaign=news_feed&amp;utm_content=in_article_link\" rel=\"nofollow noopener\" target=\"_blank\" data-ylk=\"slk:guerre en Ukraine;elm:context_link;itc:0;sec:content-canvas\" class=\"link \">guerre en Ukraine<\/a> ? 20 Minutes fait le point pour vous tous les soirs. Entre les d\u00e9clarations fortes, les avanc\u00e9es sur le front et le bilan des combats, voici l\u2019essentiel de ce vendredi 25 avril 2025, au 1.157e jour de la guerre.<\/p>\n<p>Le fait du jour<\/p>\n<p>Vladimir Poutine a \u00e9voqu\u00e9 vendredi, en recevant au Kremlin <a href=\"https:\/\/www.20minutes.fr\/monde\/ukraine\/4144842-20250322-guerre-ukraine-vladimir-poutine-mauvais-type-selon-emissaire-americain-witkoff?at_medium=RSS+feed&amp;at_campaign=ynews&amp;utm_source=yahoo&amp;utm_medium=rss&amp;utm_campaign=news_feed&amp;utm_content=in_article_link\" rel=\"nofollow noopener\" target=\"_blank\" data-ylk=\"slk:l\u2019\u00e9missaire am\u00e9ricain Steve Witkoff;elm:context_link;itc:0;sec:content-canvas\" class=\"link \">l\u2019\u00e9missaire am\u00e9ricain Steve Witkoff<\/a>, la \u00ab possibilit\u00e9 \u00bb de \u00ab n\u00e9gociations directes \u00bb entre la Russie et l\u2019Ukraine, sur fond de tractations diplomatiques \u00e0 propos d\u2019un plan de paix promu par Donald Trump.<\/p>\n<p>Steve Witkoff, l\u2019interlocuteur privil\u00e9gi\u00e9 du chef de l\u2019Etat russe au sein de l\u2019administration am\u00e9ricaine, a ainsi rencontr\u00e9 <a href=\"https:\/\/www.20minutes.fr\/monde\/vladimir_poutine\/?at_medium=RSS+feed&amp;at_campaign=ynews&amp;utm_source=yahoo&amp;utm_medium=rss&amp;utm_campaign=news_feed&amp;utm_content=in_article_link\" rel=\"nofollow noopener\" target=\"_blank\" data-ylk=\"slk:Vladimir Poutine;elm:context_link;itc:0;sec:content-canvas\" class=\"link \">Vladimir Poutine<\/a> pour la quatri\u00e8me fois depuis la relance inattendue des relations entre leurs deux pays mi-f\u00e9vrier \u00e0 l\u2019initiative du pr\u00e9sident am\u00e9ricain.<\/p>\n<p>Le principal point de blocage avec Kiev demeure la souverainet\u00e9 des territoires occup\u00e9s par la Russie, en particulier ceui de la Crim\u00e9e, annex\u00e9e par les Russes depuis 2014. Donald Trump a assur\u00e9 dans un entretien au magazine Time diffus\u00e9 ce vendredi que la Russie conserverait la Crim\u00e9e. \u00ab La Russie gardera la Crim\u00e9e. Et (le pr\u00e9sident ukrainien Volodymyr) Zelensky comprend \u00e7a \u00bb, assure le pr\u00e9sident am\u00e9ricain dans cette interview. Cette reconnaissance d\u2019une Crim\u00e9e appartenant \u00e0 la Russe serait d\u2019ailleurs partie int\u00e9grante du plan am\u00e9ricain pour mettre fin aux hostilit\u00e9s.<\/p>\n<p>Mais le pr\u00e9sident ukrainien ne l\u2019entend pas du tout ainsi. \u00ab Notre position reste inchang\u00e9(&#8230;)<\/p>\n<p><a href=\"https:\/\/www.20minutes.fr\/monde\/ukraine\/4150478-20250425-guerre-ukraine-russie-etats-unis-accordent-pression-maximale-kiev?at_medium=RSS+feed&amp;at_campaign=ynews&amp;utm_source=yahoo&amp;utm_medium=rss&amp;utm_campaign=news_feed&amp;utm_content=read_more_link\" rel=\"nofollow noopener\" target=\"_blank\" data-ylk=\"slk:Lire la suite sur 20minutes;elm:context_link;itc:0;sec:content-canvas\" class=\"link \">Lire la suite sur 20minutes<\/a><\/p>\n<p>\u00c0 lire aussi :<br \/><a href=\"https:\/\/www.20minutes.fr\/monde\/ukraine\/4150394-20250425-russie-general-tue-explosion-voiture-pres-moscou?at_medium=RSS+feed&amp;at_campaign=ynews&amp;utm_source=yahoo&amp;utm_medium=rss&amp;utm_campaign=news_feed&amp;utm_content=related_content_link\" rel=\"nofollow noopener\" target=\"_blank\" data-ylk=\"slk:Russie : Un g\u00e9n\u00e9ral tu\u00e9 dans l\u2019explosion d\u2019une voiture pr\u00e8s de Moscou;elm:context_link;itc:0;sec:content-canvas\" class=\"link \">Russie : Un g\u00e9n\u00e9ral tu\u00e9 dans l\u2019explosion d\u2019une voiture pr\u00e8s de Moscou<\/a><br \/><a href=\"https:\/\/www.20minutes.fr\/monde\/ukraine\/4150269-20250424-guerre-ukraine-bain-sang-kiev-intransigeance-avenir-crimee?at_medium=RSS+feed&amp;at_campaign=ynews&amp;utm_source=yahoo&amp;utm_medium=rss&amp;utm_campaign=news_feed&amp;utm_content=related_content_link\" rel=\"nofollow noopener\" target=\"_blank\" data-ylk=\"slk:Guerre en Ukraine : Bain de sang \u00e0 Kiev et intransigeance sur l\u2019avenir de la Crim\u00e9e;elm:context_link;itc:0;sec:content-canvas\" class=\"link \">Guerre en Ukraine : Bain de sang \u00e0 Kiev et intransigeance sur l\u2019avenir de la Crim\u00e9e<\/a><\/p>\n","protected":false},"excerpt":{"rendered":"R\u00e9cap &#8211; \u00ab 20 Minutes \u00bb fait le point pour vous tous les soirs sur l\u2019avanc\u00e9e du conflit&hellip;\n","protected":false},"author":2,"featured_media":52453,"comment_status":"","ping_status":"","sticky":false,"template":"","format":"standard","meta":{"footnotes":""},"categories":[1591],"tags":[11,13469,75,1887,2489,12,7274,1885,1886,132,6989,220,135],"class_list":{"0":"post-52452","1":"post","2":"type-post","3":"status-publish","4":"format-standard","5":"has-post-thumbnail","7":"category-russie","8":"tag-actualites","9":"tag-crimee","10":"tag-donald-trump","11":"tag-federation-de-russie","12":"tag-la-russie","13":"tag-news","14":"tag-president-americain","15":"tag-russia","16":"tag-russian-federation","17":"tag-russie","18":"tag-steve-witkoff","19":"tag-ukraine","20":"tag-vladimir-poutine"},"share_on_mastodon":{"url":"https:\/\/pubeurope.com\/@fr\/114400151668455457","error":""},"_links":{"self":[{"href":"https:\/\/www.europesays.com\/fr\/wp-json\/wp\/v2\/posts\/52452","targetHints":{"allow":["GET"]}}],"collection":[{"href":"https:\/\/www.europesays.com\/fr\/wp-json\/wp\/v2\/posts"}],"about":[{"href":"https:\/\/www.europesays.com\/fr\/wp-json\/wp\/v2\/types\/post"}],"author":[{"embeddable":true,"href":"https:\/\/www.europesays.com\/fr\/wp-json\/wp\/v2\/users\/2"}],"replies":[{"embeddable":true,"href":"https:\/\/www.europesays.com\/fr\/wp-json\/wp\/v2\/comments?post=52452"}],"version-history":[{"count":0,"href":"https:\/\/www.europesays.com\/fr\/wp-json\/wp\/v2\/posts\/52452\/revisions"}],"wp:featuredmedia":[{"embeddable":true,"href":"https:\/\/www.europesays.com\/fr\/wp-json\/wp\/v2\/media\/52453"}],"wp:attachment":[{"href":"https:\/\/www.europesays.com\/fr\/wp-json\/wp\/v2\/media?parent=52452"}],"wp:term":[{"taxonomy":"category","embeddable":true,"href":"https:\/\/www.europesays.com\/fr\/wp-json\/wp\/v2\/categories?post=52452"},{"taxonomy":"post_tag","embeddable":true,"href":"https:\/\/www.europesays.com\/fr\/wp-json\/wp\/v2\/tags?post=52452"}],"curies":[{"name":"wp","href":"https:\/\/api.w.org\/{rel}","templated":true}]}}