{"id":524521,"date":"2025-11-10T08:32:11","date_gmt":"2025-11-10T08:32:11","guid":{"rendered":"https:\/\/www.europesays.com\/fr\/524521\/"},"modified":"2025-11-10T08:32:11","modified_gmt":"2025-11-10T08:32:11","slug":"cest-au-moment-ou-on-commencait-a-avoir-de-vrais-impacts-sur-le-transport-aerien-aux-etats-unis-quun-accord-provisoire-sur-le-shutdown-a-ete-trouve-explique-wilfrid-galand-directeur-general-adj","status":"publish","type":"post","link":"https:\/\/www.europesays.com\/fr\/524521\/","title":{"rendered":"\u00ab\u00a0C&rsquo;est au moment o\u00f9 on commen\u00e7ait \u00e0 avoir de vrais impacts sur le transport a\u00e9rien aux \u00c9tats-Unis\u00a0\u00bb, qu&rsquo;un accord provisoire sur le shutdown a \u00e9t\u00e9 trouv\u00e9, explique Wilfrid Galand, directeur g\u00e9n\u00e9ral adjoint de Montpensier-Arbevel"},"content":{"rendered":"<p>\u00ab\u00a0C&rsquo;est au moment o\u00f9 on commen\u00e7ait \u00e0 avoir de vrais impacts sur le transport a\u00e9rien aux \u00c9tats-Unis\u00a0\u00bb, qu&rsquo;un accord provisoire sur le shutdown a \u00e9t\u00e9 trouv\u00e9, explique Wilfrid Galand, directeur g\u00e9n\u00e9ral adjoint de Montpensier-ArbevelSur le m\u00eame sujet<a href=\"https:\/\/www.bfmtv.com\/economie\/international\/video-c-est-au-moment-ou-on-commencait-a-avoir-de-vrais-impacts-sur-le-transport-aerien-aux-etats-unis-qu-un-accord-provisoire-sur-le-shutdown-a-ete-trouve-explique-wilfrid-galand-directeur-general-adjoint-de-montpensier-arbevel_VN-202511100335.html\" title=\"&quot;C&#039;est au moment o\u00f9 on commen\u00e7ait \u00e0 avoir de vrais impacts sur le transport a\u00e9rien aux \u00c9tats-Unis&quot;, qu&#039;un accord provisoire sur le shutdown a \u00e9t\u00e9 trouv\u00e9, explique Wilfrid Galand, directeur g\u00e9n\u00e9ral adjoint de Montpensier-Arbevel\" rel=\"nofollow noopener\" target=\"_blank\"><img width=\"16\" height=\"9\" class=\"lozad\"  alt=\"&quot;C'est au moment o\u00f9 on commen\u00e7ait \u00e0 avoir de vrais impacts sur le transport a\u00e9rien aux \u00c9tats-Unis&quot;, qu'un accord provisoire sur le shutdown a \u00e9t\u00e9 trouv\u00e9, explique Wilfrid Galand, directeur g\u00e9n\u00e9ral adjoint de Montpensier-Arbevel\"\/>en lecture\u00a0\u00bbC&rsquo;est au moment o\u00f9 on commen\u00e7ait \u00e0 avoir de vrais impacts sur le transport a\u00e9rien aux \u00c9tats-Unis\u00a0\u00bb, qu&rsquo;un accord provisoire sur le shutdown a \u00e9t\u00e9 trouv\u00e9, explique Wilfrid Galand, directeur g\u00e9n\u00e9ral adjoint de Montpensier-Arbevel<\/a><a href=\"https:\/\/www.bfmtv.com\/economie\/international\/video-des-grandes-villes-australiennes-et-leurs-provinces-profiteront-en-2026-de-3-heures-d-electricite-offerte-en-milieu-de-journee_VN-202511100272.html\" title=\"Des grandes villes australiennes et leurs provinces profiteront en 2026 de 3 heures d&#039;\u00e9lectricit\u00e9 offerte, en milieu de journ\u00e9e\" rel=\"nofollow noopener\" target=\"_blank\"><img width=\"16\" height=\"9\" class=\"lozad\"  alt=\"Des grandes villes australiennes et leurs provinces profiteront en 2026 de 3 heures d'\u00e9lectricit\u00e9 offerte, en milieu de journ\u00e9e\"\/>1:04Des grandes villes australiennes et leurs provinces profiteront en 2026 de 3 heures d&rsquo;\u00e9lectricit\u00e9 offerte, en milieu de journ\u00e9e<\/a><a href=\"https:\/\/www.bfmtv.com\/economie\/international\/video-sortir-des-energies-fossiles-il-y-a-une-vraie-difficulte-a-financer-cette-transition-energetique-specifique-dit-mikaa-mered-chercheur-en-geopolitique-de-la-transition-alors-que-la-cop30-s-ouvre-ce-lundi_VN-202511100266.html\" title=\"Sortir des \u00e9nergies fossiles: &quot;Il y a une vraie difficult\u00e9 \u00e0 financer cette transition \u00e9nerg\u00e9tique sp\u00e9cifique&quot;, dit Mikaa Mered, chercheur en g\u00e9opolitique de la transition, alors que la COP30 s&#039;ouvre ce lundi\" rel=\"nofollow noopener\" target=\"_blank\"><img width=\"16\" height=\"9\" class=\"lozad\"  alt=\"Sortir des \u00e9nergies fossiles: &quot;Il y a une vraie difficult\u00e9 \u00e0 financer cette transition \u00e9nerg\u00e9tique sp\u00e9cifique&quot;, dit Mikaa Mered, chercheur en g\u00e9opolitique de la transition, alors que la COP30 s'ouvre ce lundi\"\/>2:32Sortir des \u00e9nergies fossiles: \u00ab\u00a0Il y a une vraie difficult\u00e9 \u00e0 financer cette transition \u00e9nerg\u00e9tique sp\u00e9cifique\u00a0\u00bb, dit Mikaa Mered, chercheur en g\u00e9opolitique de la transition, alors que la COP30 s&rsquo;ouvre ce lundi<\/a><a href=\"https:\/\/www.bfmtv.com\/economie\/international\/video-cop-30-l-enjeu-est-de-sauver-le-soldat-du-multilateralisme-climat-dit-mikaa-mered-chercheur-en-geopolitique-de-la-transition-energetique-a-l-universite-du-quebec-a-trois-rivieres_VN-202511100261.html\" title=\"COP 30: &quot;L&#039;enjeu est de sauver le soldat du multilat\u00e9ralisme climat&quot;, dit\u00a0Mikaa Mered, chercheur en g\u00e9opolitique de la transition \u00e9nerg\u00e9tique \u00e0 l&#039;Universit\u00e9 du Qu\u00e9bec \u00e0 Trois-Rivi\u00e8res\" rel=\"nofollow noopener\" target=\"_blank\"><img width=\"16\" height=\"9\" class=\"lozad\"  alt=\"COP 30: &quot;L'enjeu est de sauver le soldat du multilat\u00e9ralisme climat&quot;, dit\u00a0Mikaa Mered, chercheur en g\u00e9opolitique de la transition \u00e9nerg\u00e9tique \u00e0 l'Universit\u00e9 du Qu\u00e9bec \u00e0 Trois-Rivi\u00e8res\"\/>0:36COP 30: \u00ab\u00a0L&rsquo;enjeu est de sauver le soldat du multilat\u00e9ralisme climat\u00a0\u00bb, dit\u00a0Mikaa Mered, chercheur en g\u00e9opolitique de la transition \u00e9nerg\u00e9tique \u00e0 l&rsquo;Universit\u00e9 du Qu\u00e9bec \u00e0 Trois-Rivi\u00e8res<\/a><a href=\"https:\/\/www.bfmtv.com\/economie\/international\/video-direct-video-suivez-l-interview-de-matthieu-boeche-fondateur-du-mouvement-300-pour-la-france_VL-202511100214.html\" title=\"\ud83d\udd34DIRECT VIDEO - Suivez l\u2019interview de Matthieu Boeche, fondateur du mouvement 300 pour la France\" rel=\"nofollow noopener\" target=\"_blank\"><img width=\"16\" height=\"9\" class=\"lozad\"  alt=\"\ud83d\udd34DIRECT VIDEO - Suivez l\u2019interview de Matthieu Boeche, fondateur du mouvement 300 pour la France\"\/>6:16\ud83d\udd34DIRECT VIDEO &#8211; Suivez l\u2019interview de Matthieu Boeche, fondateur du mouvement 300 pour la France<\/a><a href=\"https:\/\/www.bfmtv.com\/economie\/international\/video-shutdown-le-senat-americain-signe-un-accord-provisoire-pour-mettre-fin-a-la-paralysie-budgetaire_VN-202511100184.html\" title=\"Shutdown: le S\u00e9nat am\u00e9ricain signe un accord provisoire pour mettre fin \u00e0 la paralysie budg\u00e9taire\" rel=\"nofollow noopener\" target=\"_blank\"><img width=\"16\" height=\"9\" class=\"lozad\"  alt=\"Shutdown: le S\u00e9nat am\u00e9ricain signe un accord provisoire pour mettre fin \u00e0 la paralysie budg\u00e9taire\"\/>1:06Shutdown: le S\u00e9nat am\u00e9ricain signe un accord provisoire pour mettre fin \u00e0 la paralysie budg\u00e9taire<\/a><a href=\"https:\/\/www.bfmtv.com\/economie\/replay-emissions\/les-experts\/video-l-integrale-des-experts-du-vendredi-7-novembre_VN-202511070461.html\" title=\"L&#039;int\u00e9grale des Experts du vendredi 7 novembre\" rel=\"nofollow noopener\" target=\"_blank\"><img width=\"16\" height=\"9\" class=\"lozad\"  alt=\"L'int\u00e9grale des Experts du vendredi 7 novembre\"\/>53:45L&rsquo;int\u00e9grale des Experts du vendredi 7 novembre<\/a><a href=\"https:\/\/www.bfmtv.com\/economie\/replay-emissions\/good-morning-market\/video-le-face-a-face-du-7-novembre_VN-202511070400.html\" title=\"Le face \u00e0 face du 7 novembre\" rel=\"nofollow noopener\" target=\"_blank\"><img width=\"16\" height=\"9\" class=\"lozad\"  alt=\"Le face \u00e0 face du 7 novembre\"\/>15:58Le face \u00e0 face du 7 novembre<\/a><a href=\"https:\/\/www.bfmtv.com\/economie\/replay-emissions\/good-morning-market\/video-compagnie-chargeurs-invest-fete-ses-153-ans-07-11_VN-202511070372.html\" title=\"Compagnie Chargeurs Invest f\u00eate ses 153 ans - 07\/11\" rel=\"nofollow noopener\" target=\"_blank\"><img width=\"16\" height=\"9\" class=\"lozad\"  alt=\"Compagnie Chargeurs Invest f\u00eate ses 153 ans - 07\/11\"\/>12:19Compagnie Chargeurs Invest f\u00eate ses 153 ans &#8211; 07\/11<\/a><a href=\"https:\/\/www.bfmtv.com\/economie\/replay-emissions\/bfm-patrimoine\/video-le-dechiffrage-open-ai-demande-une-garantie-du-gouvernement-us-06-11_VN-202511060493.html\" title=\"Le d\u00e9chiffrage : OpenAI demande une garantie du gouvernement US - 06\/11\" rel=\"nofollow noopener\" target=\"_blank\"><img width=\"16\" height=\"9\" class=\"lozad\"  alt=\"Le d\u00e9chiffrage : OpenAI demande une garantie du gouvernement US - 06\/11\"\/>14:17Le d\u00e9chiffrage : OpenAI demande une garantie du gouvernement US &#8211; 06\/11<\/a><a href=\"https:\/\/www.bfmtv.com\/economie\/replay-emissions\/les-experts\/video-les-experts-shein-une-procedure-de-suspension-engagee-06-11_VN-202511060469.html\" title=\"Les Experts : Shein, une proc\u00e9dure de suspension engag\u00e9e - 06\/11\" rel=\"nofollow noopener\" target=\"_blank\"><img width=\"16\" height=\"9\" class=\"lozad\"  alt=\"Les Experts : Shein, une proc\u00e9dure de suspension engag\u00e9e - 06\/11\"\/>25:01Les Experts : Shein, une proc\u00e9dure de suspension engag\u00e9e &#8211; 06\/11<\/a><a href=\"https:\/\/www.bfmtv.com\/economie\/replay-emissions\/good-morning-market\/video-le-face-a-face-du-jeudi-6-novembre_VN-202511060408.html\" title=\"Le face \u00e0 face du jeudi 6 novembre\" rel=\"nofollow noopener\" target=\"_blank\"><img width=\"16\" height=\"9\" class=\"lozad\"  alt=\"Le face \u00e0 face du jeudi 6 novembre\"\/>18:13Le face \u00e0 face du jeudi 6 novembre<\/a><a href=\"https:\/\/www.bfmtv.com\/economie\/replay-emissions\/good-morning-market\/video-en-direct-des-marches-06-11_VN-202511060373.html\" title=\"En direct des march\u00e9s - 06\/11\" rel=\"nofollow noopener\" target=\"_blank\"><img width=\"16\" height=\"9\" class=\"lozad\"  alt=\"En direct des march\u00e9s - 06\/11\"\/>6:03En direct des march\u00e9s &#8211; 06\/11<\/a><a href=\"https:\/\/www.bfmtv.com\/economie\/replay-emissions\/le-contre-pied\/video-emmanuel-lechypre-face-a-jean-marc-daniel-interdire-shein-sauver-le-textile-francais-06-11_VN-202511060234.html\" title=\"Emmanuel Lechypre face \u00e0 Jean-Marc Daniel : Interdire Shein = sauver le textile fran\u00e7ais ? - 06\/11\" rel=\"nofollow noopener\" target=\"_blank\"><img width=\"16\" height=\"9\" class=\"lozad\"  alt=\"Emmanuel Lechypre face \u00e0 Jean-Marc Daniel : Interdire Shein = sauver le textile fran\u00e7ais ? - 06\/11\"\/>6:30Emmanuel Lechypre face \u00e0 Jean-Marc Daniel : Interdire Shein = sauver le textile fran\u00e7ais ? &#8211; 06\/11<\/a><a class=\"jumpToVideo\" target=\"_blank\"><img class=\"thumbnailPreview\"\/><\/a><\/p>\n","protected":false},"excerpt":{"rendered":"\u00ab\u00a0C&rsquo;est au moment o\u00f9 on commen\u00e7ait \u00e0 avoir de vrais impacts sur le transport a\u00e9rien aux \u00c9tats-Unis\u00a0\u00bb, qu&rsquo;un&hellip;\n","protected":false},"author":2,"featured_media":524522,"comment_status":"","ping_status":"","sticky":false,"template":"","format":"standard","meta":{"footnotes":""},"categories":[1589],"tags":[11,73,1866,12,1864,1865,1863,308],"class_list":{"0":"post-524521","1":"post","2":"type-post","3":"status-publish","4":"format-standard","5":"has-post-thumbnail","7":"category-etats-unis","8":"tag-actualites","9":"tag-etats-unis","10":"tag-etats-unis-damerique","11":"tag-news","12":"tag-united-states","13":"tag-united-states-of-america","14":"tag-us","15":"tag-usa"},"share_on_mastodon":{"url":"","error":""},"_links":{"self":[{"href":"https:\/\/www.europesays.com\/fr\/wp-json\/wp\/v2\/posts\/524521","targetHints":{"allow":["GET"]}}],"collection":[{"href":"https:\/\/www.europesays.com\/fr\/wp-json\/wp\/v2\/posts"}],"about":[{"href":"https:\/\/www.europesays.com\/fr\/wp-json\/wp\/v2\/types\/post"}],"author":[{"embeddable":true,"href":"https:\/\/www.europesays.com\/fr\/wp-json\/wp\/v2\/users\/2"}],"replies":[{"embeddable":true,"href":"https:\/\/www.europesays.com\/fr\/wp-json\/wp\/v2\/comments?post=524521"}],"version-history":[{"count":0,"href":"https:\/\/www.europesays.com\/fr\/wp-json\/wp\/v2\/posts\/524521\/revisions"}],"wp:featuredmedia":[{"embeddable":true,"href":"https:\/\/www.europesays.com\/fr\/wp-json\/wp\/v2\/media\/524522"}],"wp:attachment":[{"href":"https:\/\/www.europesays.com\/fr\/wp-json\/wp\/v2\/media?parent=524521"}],"wp:term":[{"taxonomy":"category","embeddable":true,"href":"https:\/\/www.europesays.com\/fr\/wp-json\/wp\/v2\/categories?post=524521"},{"taxonomy":"post_tag","embeddable":true,"href":"https:\/\/www.europesays.com\/fr\/wp-json\/wp\/v2\/tags?post=524521"}],"curies":[{"name":"wp","href":"https:\/\/api.w.org\/{rel}","templated":true}]}}