{"id":524523,"date":"2025-11-10T08:33:25","date_gmt":"2025-11-10T08:33:25","guid":{"rendered":"https:\/\/www.europesays.com\/fr\/524523\/"},"modified":"2025-11-10T08:33:25","modified_gmt":"2025-11-10T08:33:25","slug":"le-royaume-uni-lutte-contre-la-discrimination-liee-a-lage-sur-le-lieu-de-travail-business-am","status":"publish","type":"post","link":"https:\/\/www.europesays.com\/fr\/524523\/","title":{"rendered":"Le Royaume-Uni lutte contre la discrimination li\u00e9e \u00e0 l&rsquo;\u00e2ge sur le lieu de travail &#8211; Business AM"},"content":{"rendered":"<p>Principaux renseignements<\/p>\n<ul class=\"wp-block-list\">\n<li><strong>Au Royaume-Uni, les employeurs doivent lutter activement contre l\u2019\u00e2gisme (discrimination fond\u00e9e sur l\u2019\u00e2ge) et relever les d\u00e9fis li\u00e9s au vieillissement de la population active.<\/strong><\/li>\n<li><strong>Les organisations devraient donner la priorit\u00e9 \u00e0 l\u2019\u00e9volution de carri\u00e8re \u00e0 long terme et aux postes permanents pour les travailleurs plus \u00e2g\u00e9s, en reconnaissant leur loyaut\u00e9 et leur exp\u00e9rience.<\/strong><\/li>\n<li><strong>Les employeurs doivent revoir les descriptions de poste et les images en ligne afin que tous les \u00e2ges soient pris en compte.<\/strong><\/li>\n<\/ul>\n<p>Le vieillissement de la population active au Royaume-Uni pose un d\u00e9fi majeur aux employeurs en mati\u00e8re <a href=\"https:\/\/fr.businessam.be\/les-anciens-employes-de-spacex-intentent-une-action-en-justice-pour-des-problemes-de-securite-et-de-discrimination-fondee-sur-lage\/\" target=\"_blank\" rel=\"noopener\">d\u2019\u00e2gisme<\/a>, avertissent les experts en recrutement. Lucy Standing, coach de carri\u00e8re et cofondatrice de Brave Starts, qualifie ce probl\u00e8me de syst\u00e9mique. Il touche en effet tout le monde, car tout le monde vieillit. C\u2019est ce que rapporte <a href=\"https:\/\/www.peoplemanagement.co.uk\/article\/1938715\/ageism-most-socially-important-challenge-facing-hr-career-experts-say\" target=\"_blank\" rel=\"noreferrer noopener\">People Management UK<\/a>.<\/p>\n<p>Lucy Standing insiste sur l\u2019urgence pour les RH de s\u2019attaquer \u00e0 ce changement d\u00e9mographique. Elle affirme qu\u2019il s\u2019agit du d\u00e9fi le plus important sur le plan social auquel le secteur est confront\u00e9 aujourd\u2019hui.  David Fleming, directeur g\u00e9n\u00e9ral de Stanton House, souligne l\u2019incoh\u00e9rence de la mani\u00e8re dont les organisations traitent les travailleurs \u00e2g\u00e9s. Elles les engagent souvent pour des postes temporaires, mais h\u00e9sitent \u00e0 investir dans leur d\u00e9veloppement de carri\u00e8re \u00e0 long terme ou \u00e0 leur offrir des postes permanents.<\/p>\n<p>Loyaut\u00e9 contre potentiel futur<\/p>\n<p>Fleming remarque que les travailleurs plus \u00e2g\u00e9s sont g\u00e9n\u00e9ralement plus loyaux. Plus de la moiti\u00e9 des personnes \u00e2g\u00e9es de plus de 50 ans travaillent depuis dix ans ou plus chez le m\u00eame employeur. C\u2019est ce qui ressort d\u2019une \u00e9tude du <a href=\"https:\/\/community.cipd.co.uk\/cipd-blogs\/b\/cipd_voice_on\/posts\/are-young-people-less-loyal-to-their-employers\" target=\"_blank\" rel=\"noreferrer noopener\">CIPD<\/a>. Pourtant, les organisations accordent souvent la priorit\u00e9 au recrutement sur la base du potentiel futur. Cela entra\u00eene un taux de rotation \u00e9lev\u00e9 parmi les jeunes g\u00e9n\u00e9rations. Il sugg\u00e8re de r\u00e9\u00e9valuer l\u2019importance accord\u00e9e aux \u00ab\u00a0futurs leaders\u00a0\u00bb pour chaque poste.<\/p>\n<p>Barri\u00e8res linguistiques et d\u2019image<\/p>\n<p>En outre, M. Fleming estime que le langage utilis\u00e9 dans les descriptions de poste constitue un obstacle pour les candidats plus \u00e2g\u00e9s. Des expressions telles que \u00ab\u00a0personnes dynamiques \u00e0 fort potentiel\u00a0\u00bb peuvent \u00eatre d\u00e9courageantes et limiter le nombre de candidats. Il recommande \u00e9galement de revoir la pr\u00e9sentation en ligne de l\u2019organisation. Les images repr\u00e9sentant principalement des jeunes peuvent d\u00e9courager les candidats plus \u00e2g\u00e9s.<\/p>\n<p>IA peut renforcer les pr\u00e9jug\u00e9s existants<\/p>\n<p>L\u2019utilisation de l\u2019IA dans le recrutement peut aggraver l\u2019\u00e2gisme. Fleming met en garde contre le fait que tout pr\u00e9jug\u00e9 existant au sein d\u2019une organisation sera amplifi\u00e9 par l\u2019algorithme.<\/p>\n<p>Standing critique le processus de candidature traditionnel bas\u00e9 sur le CV, affirmant qu\u2019il \u00e9carte souvent injustement les candidats plus \u00e2g\u00e9s. Elle pr\u00e9conise une approche de l\u2019embauche bas\u00e9e sur les comp\u00e9tences comme solution plus efficace.<\/p>\n<p><a href=\"https:\/\/news.google.com\/publications\/CAowtseUCw?hl=fr&amp;gl=BE&amp;ceid=BE%3Afr\" target=\"_blank\" rel=\"noopener\">Suivez \u00e9galement Business AM sur Google Actualit\u00e9s<\/a><\/p>\n<p><a href=\"https:\/\/portalfr.businessam.be\/plans\/business-am-fr-offre-dete\/\" target=\"_blank\" rel=\"noopener\">Si vous souhaitez acc\u00e9der \u00e0 tous les articles, abonnez-vous ici!<\/a><\/p>\n","protected":false},"excerpt":{"rendered":"Principaux renseignements Au Royaume-Uni, les employeurs doivent lutter activement contre l\u2019\u00e2gisme (discrimination fond\u00e9e sur l\u2019\u00e2ge) et relever les&hellip;\n","protected":false},"author":2,"featured_media":524524,"comment_status":"","ping_status":"","sticky":false,"template":"","format":"standard","meta":{"footnotes":""},"categories":[1588],"tags":[11,18087,1777,674,12,473,1853,3847,1851,1850,1852],"class_list":{"0":"post-524523","1":"post","2":"type-post","3":"status-publish","4":"format-standard","5":"has-post-thumbnail","7":"category-royaume-uni","8":"tag-actualites","9":"tag-etranger","10":"tag-eu","11":"tag-europe","12":"tag-news","13":"tag-royaume-uni","14":"tag-royaume-uni-de-grande-bretagne-et-dirlande-du-nord","15":"tag-travail","16":"tag-uk","17":"tag-united-kingdom","18":"tag-united-kingdom-of-great-britain-and-northern-ireland"},"share_on_mastodon":{"url":"https:\/\/pubeurope.com\/@fr\/115524482129115936","error":""},"_links":{"self":[{"href":"https:\/\/www.europesays.com\/fr\/wp-json\/wp\/v2\/posts\/524523","targetHints":{"allow":["GET"]}}],"collection":[{"href":"https:\/\/www.europesays.com\/fr\/wp-json\/wp\/v2\/posts"}],"about":[{"href":"https:\/\/www.europesays.com\/fr\/wp-json\/wp\/v2\/types\/post"}],"author":[{"embeddable":true,"href":"https:\/\/www.europesays.com\/fr\/wp-json\/wp\/v2\/users\/2"}],"replies":[{"embeddable":true,"href":"https:\/\/www.europesays.com\/fr\/wp-json\/wp\/v2\/comments?post=524523"}],"version-history":[{"count":0,"href":"https:\/\/www.europesays.com\/fr\/wp-json\/wp\/v2\/posts\/524523\/revisions"}],"wp:featuredmedia":[{"embeddable":true,"href":"https:\/\/www.europesays.com\/fr\/wp-json\/wp\/v2\/media\/524524"}],"wp:attachment":[{"href":"https:\/\/www.europesays.com\/fr\/wp-json\/wp\/v2\/media?parent=524523"}],"wp:term":[{"taxonomy":"category","embeddable":true,"href":"https:\/\/www.europesays.com\/fr\/wp-json\/wp\/v2\/categories?post=524523"},{"taxonomy":"post_tag","embeddable":true,"href":"https:\/\/www.europesays.com\/fr\/wp-json\/wp\/v2\/tags?post=524523"}],"curies":[{"name":"wp","href":"https:\/\/api.w.org\/{rel}","templated":true}]}}