{"id":524525,"date":"2025-11-10T08:34:15","date_gmt":"2025-11-10T08:34:15","guid":{"rendered":"https:\/\/www.europesays.com\/fr\/524525\/"},"modified":"2025-11-10T08:34:15","modified_gmt":"2025-11-10T08:34:15","slug":"arrete-pour-un-simple-delit-routier-il-etait-en-fait-recherche-en-allemagne-zonesamui-com","status":"publish","type":"post","link":"https:\/\/www.europesays.com\/fr\/524525\/","title":{"rendered":"Arr\u00eat\u00e9 pour un simple d\u00e9lit routier, il \u00e9tait en fait recherch\u00e9 en Allemagne \u2013 ZoneSamui.com"},"content":{"rendered":"<p><img decoding=\"async\" src=\"https:\/\/www.europesays.com\/fr\/wp-content\/uploads\/2025\/11\/phangan-allemand-recherche-620x381.jpg\" alt=\"\" title=\"\"\/><br \/>\nPhoto : Bangkok Post<\/p>\n<p><strong>Un Allemand de 22 ans interpell\u00e9 pour moto sans plaque et nuisances sonores \u00e0 Koh Phangan est en fait un criminel recherch\u00e9 en Allemagne pour extorsion, r\u00e9v\u00e8lent les autorit\u00e9s.<\/strong><\/p>\n<p>Le lieutenant-colonel de police <b>Vinij Boonchit<\/b>, chef de la police touristique de l\u2019\u00eele, a indiqu\u00e9 que <b>Sukru Yusuf Onganer<\/b>, 22 ans, a \u00e9t\u00e9 d\u00e9tenu dimanche dans un atelier de lavage de motos pour avoir c<strong>ircul\u00e9 sans plaque d\u2019immatriculation<\/strong> et caus\u00e9 une perturbation publique par <strong>exc\u00e8s de bruit<\/strong>.<\/p>\n<p>L\u2019arrestation fait suite \u00e0 des plaintes de r\u00e9sidents sur <strong>sa conduite dangereuse<\/strong>, incitant les agents \u00e0 traquer la moto, retrouv\u00e9e en nettoyage \u00e0 l\u2019atelier.<\/p>\n<p>Selon le lieutenant-colonel <b>Vinij<\/b>, les registres policiers ont r\u00e9v\u00e9l\u00e9 que <b>M. Onganer<\/b> est recherch\u00e9 p<strong>ar les autorit\u00e9s allemandes pour extorsion<\/strong>, bien que les d\u00e9tails du dossier et la date d\u2019entr\u00e9e en <b>Tha\u00eflande<\/b> restent flous. Il est inculp\u00e9 pour conduite imprudente \u00e0 la station de police de <b>Koh Phangan<\/b> \u2013 infraction passible d\u2019un an de prison et\/ou 20 000 bahts d\u2019amende.<\/p>\n<p>La police a contact\u00e9 les autorit\u00e9s allemandes pour extradition, a ajout\u00e9 l\u2019officier de la police touristique.<\/p>\n<blockquote>\n<p><a href=\"https:\/\/www.bangkokpost.com\/thailand\/general\/3134465\/german-arrested-for-reckless-driving-found-to-be-wanted-criminal\" title=\"Bangkok Post\" target=\"_blank\" rel=\"noopener\">source<\/a><\/p>\n<\/blockquote>\n<p style=\"font-size:9px;\">Vous souhaitez apporter une correction, un compl\u00e9ment d\u2019information, sugg\u00e9rer un article ou signaler une erreur, merci de le faire <a href=\"https:\/\/zonesamui.com\/contact\/\" target=\"_blank\" rel=\"noopener\"><b>ici<\/b><\/a>.<br \/>Vous avez rep\u00e9r\u00e9 une faute d\u2019orthographe, merci de nous la signaler\u00a0<a id=\"correction\" href=\"https:\/\/zonesamui.com\/signaler-une-faute-orthographe\/\" target=\"_blank\" rel=\"noopener\"><b>en cliquant ici<\/b><\/a>.<\/p>\n","protected":false},"excerpt":{"rendered":"Photo : Bangkok Post Un Allemand de 22 ans interpell\u00e9 pour moto sans plaque et nuisances sonores \u00e0&hellip;\n","protected":false},"author":2,"featured_media":524526,"comment_status":"","ping_status":"","sticky":false,"template":"","format":"standard","meta":{"footnotes":""},"categories":[1587],"tags":[11,672,1804,1805,1803,1777,674,1801,12,1802],"class_list":{"0":"post-524525","1":"post","2":"type-post","3":"status-publish","4":"format-standard","5":"has-post-thumbnail","7":"category-allemagne","8":"tag-actualites","9":"tag-allemagne","10":"tag-bundesrepublik-deutschland","11":"tag-de","12":"tag-deutschland","13":"tag-eu","14":"tag-europe","15":"tag-germany","16":"tag-news","17":"tag-republique-federale-dallemagne"},"share_on_mastodon":{"url":"https:\/\/pubeurope.com\/@fr\/115524486933311046","error":""},"_links":{"self":[{"href":"https:\/\/www.europesays.com\/fr\/wp-json\/wp\/v2\/posts\/524525","targetHints":{"allow":["GET"]}}],"collection":[{"href":"https:\/\/www.europesays.com\/fr\/wp-json\/wp\/v2\/posts"}],"about":[{"href":"https:\/\/www.europesays.com\/fr\/wp-json\/wp\/v2\/types\/post"}],"author":[{"embeddable":true,"href":"https:\/\/www.europesays.com\/fr\/wp-json\/wp\/v2\/users\/2"}],"replies":[{"embeddable":true,"href":"https:\/\/www.europesays.com\/fr\/wp-json\/wp\/v2\/comments?post=524525"}],"version-history":[{"count":0,"href":"https:\/\/www.europesays.com\/fr\/wp-json\/wp\/v2\/posts\/524525\/revisions"}],"wp:featuredmedia":[{"embeddable":true,"href":"https:\/\/www.europesays.com\/fr\/wp-json\/wp\/v2\/media\/524526"}],"wp:attachment":[{"href":"https:\/\/www.europesays.com\/fr\/wp-json\/wp\/v2\/media?parent=524525"}],"wp:term":[{"taxonomy":"category","embeddable":true,"href":"https:\/\/www.europesays.com\/fr\/wp-json\/wp\/v2\/categories?post=524525"},{"taxonomy":"post_tag","embeddable":true,"href":"https:\/\/www.europesays.com\/fr\/wp-json\/wp\/v2\/tags?post=524525"}],"curies":[{"name":"wp","href":"https:\/\/api.w.org\/{rel}","templated":true}]}}