{"id":524536,"date":"2025-11-10T08:42:13","date_gmt":"2025-11-10T08:42:13","guid":{"rendered":"https:\/\/www.europesays.com\/fr\/524536\/"},"modified":"2025-11-10T08:42:13","modified_gmt":"2025-11-10T08:42:13","slug":"louis-bielle-biarrey-catastrophe-confirmee-2","status":"publish","type":"post","link":"https:\/\/www.europesays.com\/fr\/524536\/","title":{"rendered":"Louis Bielle-Biarrey, catastrophe confirm\u00e9e"},"content":{"rendered":"<p><strong>Ancien joueur du XV de France, le<br \/>\nSud-Africain Paul Willemse consid\u00e8re que le carton jaune re\u00e7u par<br \/>\nLouis Bielle-Biarrey alors que les Bleus \u00e9voluaient en sup\u00e9riorit\u00e9<br \/>\nnum\u00e9rique a \u00e9t\u00e9 l\u2019un des tournants du match.<\/strong><\/p>\n<p>Le XV de France a perdu gros, samedi, sur la pelouse du Stade de<br \/>\nFrance. Alors qu\u2019ils esp\u00e9raient prendre leur revanche, les Bleus<br \/>\nont en effet \u00e9t\u00e9 corrig\u00e9s par les Springboks (17-32). Apr\u00e8s avoir<br \/>\ntenu le choc jusqu\u2019\u00e0 l\u2019heure de jeu, faisant m\u00eame l\u2019essentiel de la<br \/>\ncourse en t\u00eate, les hommes de Fabien Galthi\u00e9, qui \u00e9voluaient en<br \/>\nsup\u00e9riorit\u00e9 num\u00e9rique depuis la 39e minute, ont coul\u00e9 en<br \/>\nfin de match, encaissant trois essais en moins de quinze<br \/>\nminutes.<\/p>\n<p>Et pour le Sud-Africain Paul Willemse, 32 s\u00e9lections avec le XV<br \/>\nde France, les remplacements effectu\u00e9s par Fabien Galthi\u00e9 ne<br \/>\nsuffisent pas \u00e0 expliquer l\u2019effondrement des Bleus. D\u2019apr\u00e8s<br \/>\nl\u2019ancien Montpelli\u00e9rain, le carton jaune re\u00e7u par Louis<br \/>\nBielle-Biarrey peu apr\u00e8s l\u2019heure de jeu a \u00e9galement pes\u00e9 tr\u00e8s lourd<br \/>\ndans les d\u00e9bats.<\/p>\n<p>\u00ab\u00a0Le carton jaune de Louis Bielle-Biarrey nous fait du<br \/>\nmal\u00a0\u00bb, a-t-il ainsi confi\u00e9 dans les colonnes du Midi<br \/>\nOlympique, ajoutant au sujet du coaching\u00a0: \u00ab\u00a0M\u00eame si<br \/>\nau d\u00e9but, on a eu le sentiment peut-\u00eatre qu\u2019il faisait du bien, au<br \/>\nfinal, il n\u2019a pas vraiment pes\u00e9 sur le match on n\u2019a pas bien<br \/>\nd\u00e9marr\u00e9 la deuxi\u00e8me mi-temps.\u00a0\u00bb<\/p>\n<p>Un probl\u00e8me d\u2019agressivit\u00e9<\/p>\n<p>Paul Willemse a \u00e9galement point\u00e9 du doigt la performance du cinq<br \/>\nde devant. \u00ab\u00a0On a \u00e9t\u00e9 en difficult\u00e9 par rapport aux bases.<br \/>\nEn touche, ce n\u2019\u00e9tait pas tr\u00e8s efficace. Aujourd\u2019hui, les ballons<br \/>\nport\u00e9s, c\u2019\u00e9tait un peu compliqu\u00e9. Certains joueurs \u00e9taient<br \/>\ninexp\u00e9riment\u00e9s en premi\u00e8re ligne, ils vont beaucoup apprendre de ce<br \/>\nmatch \u00bb, a-t-il analys\u00e9, se voulant n\u00e9anmoins optimiste pour<br \/>\nla suite.<\/p>\n<p>\u00ab\u00a0Je suis persuad\u00e9 qu\u2019on est capables d\u2019\u00eatre plus<br \/>\nperformants sur les ballons port\u00e9s et sur le jeu dans les airs.<br \/>\nNotre jeu d\u00e9structur\u00e9 reste un de nos points forts m\u00eame, si face<br \/>\naux \u00e9quipes du Sud, il faut mieux s\u2019organiser \u00bb, a-t-il<br \/>\nexpliqu\u00e9, constatant n\u00e9anmoins que les Bleus manquaient<br \/>\nd\u2019agressivit\u00e9\u00a0: \u00ab\u00a0Sp\u00e9cialement dans les rucks. Les<br \/>\nspringboks contestent chaque ballon au sol, ils ralentissent nos<br \/>\nsorties de balle et nous ne r\u00e9ussissons pas \u00e0 mettre de la vitesse<br \/>\ndans notre jeu. Eux, sur chaque ruck, c\u2019est propre, c\u2019est rapide.<br \/>\nIl faut qu\u2019on soit plus agressifs dans les rucks, dans les<br \/>\nplaquages. \u00bb\u00a0\u00a0<\/p>\n","protected":false},"excerpt":{"rendered":"Ancien joueur du XV de France, le Sud-Africain Paul Willemse consid\u00e8re que le carton jaune re\u00e7u par Louis&hellip;\n","protected":false},"author":2,"featured_media":524537,"comment_status":"","ping_status":"","sticky":false,"template":"","format":"standard","meta":{"footnotes":""},"categories":[1416],"tags":[1011,27,479,1468,60],"class_list":{"0":"post-524536","1":"post","2":"type-post","3":"status-publish","4":"format-standard","5":"has-post-thumbnail","7":"category-rugby","8":"tag-fr","9":"tag-france","10":"tag-rugby","11":"tag-rugby-football","12":"tag-sports"},"share_on_mastodon":{"url":"https:\/\/pubeurope.com\/@fr\/115524517511719772","error":""},"_links":{"self":[{"href":"https:\/\/www.europesays.com\/fr\/wp-json\/wp\/v2\/posts\/524536","targetHints":{"allow":["GET"]}}],"collection":[{"href":"https:\/\/www.europesays.com\/fr\/wp-json\/wp\/v2\/posts"}],"about":[{"href":"https:\/\/www.europesays.com\/fr\/wp-json\/wp\/v2\/types\/post"}],"author":[{"embeddable":true,"href":"https:\/\/www.europesays.com\/fr\/wp-json\/wp\/v2\/users\/2"}],"replies":[{"embeddable":true,"href":"https:\/\/www.europesays.com\/fr\/wp-json\/wp\/v2\/comments?post=524536"}],"version-history":[{"count":0,"href":"https:\/\/www.europesays.com\/fr\/wp-json\/wp\/v2\/posts\/524536\/revisions"}],"wp:featuredmedia":[{"embeddable":true,"href":"https:\/\/www.europesays.com\/fr\/wp-json\/wp\/v2\/media\/524537"}],"wp:attachment":[{"href":"https:\/\/www.europesays.com\/fr\/wp-json\/wp\/v2\/media?parent=524536"}],"wp:term":[{"taxonomy":"category","embeddable":true,"href":"https:\/\/www.europesays.com\/fr\/wp-json\/wp\/v2\/categories?post=524536"},{"taxonomy":"post_tag","embeddable":true,"href":"https:\/\/www.europesays.com\/fr\/wp-json\/wp\/v2\/tags?post=524536"}],"curies":[{"name":"wp","href":"https:\/\/api.w.org\/{rel}","templated":true}]}}