{"id":52454,"date":"2025-04-25T19:02:15","date_gmt":"2025-04-25T19:02:15","guid":{"rendered":"https:\/\/www.europesays.com\/fr\/52454\/"},"modified":"2025-04-25T19:02:15","modified_gmt":"2025-04-25T19:02:15","slug":"pour-le-maire-de-kiev-lukraine-pourrait-devoir-ceder-des-territoires-pour-obtenir-une-paix-temporaire-25-04-2025-a-1705","status":"publish","type":"post","link":"https:\/\/www.europesays.com\/fr\/52454\/","title":{"rendered":"Pour le maire de Kiev, l&rsquo;Ukraine pourrait devoir c\u00e9der des territoires pour obtenir une \u00ab\u00a0paix temporaire\u00a0\u00bb &#8211; 25\/04\/2025 \u00e0 17:05"},"content":{"rendered":"<p> Trois ans apr\u00e8s l&rsquo;invasion russe et sous la pression des Etats-Unis, Vitali Klitschko a \u00e9voqu\u00e9 cette hypoth\u00e8se \u00ab\u00a0douloureuse\u00a0\u00bb  mener \u00e0 la cessation des combats.<\/p>\n<p>        <img fetchpriority=\"high\" decoding=\"async\" src=\"https:\/\/www.europesays.com\/fr\/wp-content\/uploads\/2025\/04\/2c577d17c3af5ff8a377d44aed5bba93-760x504.jpg\" alt=\"Vitali Klitschko, \u00e0 Kiev, le 25 mars 2025 ( AFP \/ SERGEI SUPINSKY )\" loading=\"eager\" width=\"760\" height=\"504\" style=\"max-width: 100%!important; height: auto;\"\/><\/p>\n<p class=\"c-image-news__legend\">Vitali Klitschko, \u00e0 Kiev, le 25 mars 2025 ( AFP \/ SERGEI SUPINSKY )<\/p>\n<p>\n Comment l&rsquo;Ukraine peut-elle s&rsquo;accorder un r\u00e9pit face \u00e0 l&rsquo;agresseur russe? \u00ab\u00a0Un des sc\u00e9narios&#8230; serait d&rsquo;abandonner des territoires. C&rsquo;est injuste, mais pour la paix, une paix temporaire, peut-\u00eatre que c&rsquo;est une solution, temporaire\u00a0\u00bb, a jug\u00e9 \u00e0 ce sujet le maire de Kiev, Vitali Klitschko, dans un entretien \u00e0 la BBC diffus\u00e9 vendredi 25 avril.\n<\/p>\n<p>\n Un peu plus tard, le maire de la capitale ukrainienne a publi\u00e9 un message pour \u00ab\u00a0clarifier les choses\u00a0\u00bb, \u00e0 la suite de cet entretien qui a soulev\u00e9 des protestations sur les r\u00e9seaux sociaux ukrainiens.\n<\/p>\n<p>\n Vitali Klitschko s&rsquo;est justifi\u00e9 en disant que \u00ab\u00a0de nombreux responsables politiques et m\u00e9dias internationaux\u00a0\u00bb parlent d&rsquo;un \u00e9change territorial comme une des condition pour un cessez-le-feu soutenu par les Am\u00e9ricains, pour mettre fin \u00e0 l&rsquo;invasion russe de l&rsquo;Ukraine qui dure depuis 2022. \u00ab\u00a0Malheureusement, comme nous pouvons le constater, ce sc\u00e9nario est tout \u00e0 fait possible\u00a0\u00bb, a-t-il affirm\u00e9. Il s&rsquo;est aussi d\u00e9fendu de vouloir \u00ab\u00a0ouvrir la voie\u00a0\u00bb \u00e0 la solution am\u00e9ricaine, qui pr\u00e9voit selon des m\u00e9dias de lourdes concessions pour Kiev, dont la reconnaissance comme russe de la Crim\u00e9e, annex\u00e9e par Moscou en 2014.\n<\/p>\n<p>\n Une \u00e9ventualit\u00e9 inacceptable pour Kiev et un point de blocage pour les n\u00e9gociations entam\u00e9es par le pr\u00e9sident am\u00e9ricain Donald Trump.\n<\/p>\n<p> L&rsquo;Ukraine n&rsquo;acceptera \u00ab\u00a0jamais une occupation\u00a0\u00bb<\/p>\n<p>\n Le pr\u00e9sident Volodymyr Zelensky, que le maire de la capitale ukrainienne a critiqu\u00e9 par le pass\u00e9,<br \/>\n <strong><br \/>\n  pourrait \u00eatre contraint d&rsquo;accepter \u00ab\u00a0une solution douloureuse\u00a0\u00bb pour le pays, afin de faire cesser les combats.<br \/>\n <\/strong><br \/>\n En revanche, l&rsquo;Ukraine \u00ab\u00a0n&rsquo;acceptera jamais une occupation\u00a0\u00bb du pays par Moscou, a-t-il insist\u00e9, au lendemain de frappes russes sur Kiev qui ont fait 12 morts selon les autorit\u00e9s ukrainiennes.\n<\/p>\n<p>\n Les n\u00e9gociations entam\u00e9es par le pr\u00e9sident am\u00e9ricain Donald Trump patinent, plus de 100 jours apr\u00e8s son retour \u00e0 la Maison Blanche Donald Trump a estim\u00e9 cette semaine \u00eatre \u00ab\u00a0tr\u00e8s proche\u00a0\u00bb d&rsquo;un compromis avec la Russie et a fait porter la responsabilit\u00e9 du blocage des tractations au pr\u00e9sident ukrainien.\n<\/p>\n<p>\n C\u00f4t\u00e9 russe, le chef de la diplomatie du Kremlin Sergue\u00ef Lavrov a assur\u00e9 que la Russie est \u00ab\u00a0pr\u00eate\u00a0\u00bb \u00e0 conclure un accord pour mettre fin \u00e0 la guerre . Le pr\u00e9sident am\u00e9ricain Donald Trump \u00ab\u00a0parle d&rsquo;un accord et nous sommes pr\u00eats \u00e0 conclure un accord, mais certains \u00e9l\u00e9ments sp\u00e9cifiques doivent encore \u00eatre peaufin\u00e9s\u00a0\u00bb, a t-il affirm\u00e9, dans un entretien \u00e0 la cha\u00eene CBS.<\/p>\n","protected":false},"excerpt":{"rendered":"Trois ans apr\u00e8s l&rsquo;invasion russe et sous la pression des Etats-Unis, Vitali Klitschko a \u00e9voqu\u00e9 cette hypoth\u00e8se \u00ab\u00a0douloureuse\u00a0\u00bb&hellip;\n","protected":false},"author":2,"featured_media":52455,"comment_status":"","ping_status":"","sticky":false,"template":"","format":"standard","meta":{"footnotes":""},"categories":[1590],"tags":[400,11,398,408,405,1777,674,403,402,399,404,12,401,406,220,407],"class_list":{"0":"post-52454","1":"post","2":"type-post","3":"status-publish","4":"format-standard","5":"has-post-thumbnail","7":"category-ukraine","8":"tag-action-cac-40","9":"tag-actualites","10":"tag-bourse-de-paris","11":"tag-boursorama","12":"tag-cotations","13":"tag-eu","14":"tag-europe","15":"tag-indices-devises","16":"tag-investir","17":"tag-investissement","18":"tag-marche-boursier","19":"tag-news","20":"tag-sicav","21":"tag-trackers","22":"tag-ukraine","23":"tag-warrants"},"share_on_mastodon":{"url":"https:\/\/pubeurope.com\/@fr\/114400155653918658","error":""},"_links":{"self":[{"href":"https:\/\/www.europesays.com\/fr\/wp-json\/wp\/v2\/posts\/52454","targetHints":{"allow":["GET"]}}],"collection":[{"href":"https:\/\/www.europesays.com\/fr\/wp-json\/wp\/v2\/posts"}],"about":[{"href":"https:\/\/www.europesays.com\/fr\/wp-json\/wp\/v2\/types\/post"}],"author":[{"embeddable":true,"href":"https:\/\/www.europesays.com\/fr\/wp-json\/wp\/v2\/users\/2"}],"replies":[{"embeddable":true,"href":"https:\/\/www.europesays.com\/fr\/wp-json\/wp\/v2\/comments?post=52454"}],"version-history":[{"count":0,"href":"https:\/\/www.europesays.com\/fr\/wp-json\/wp\/v2\/posts\/52454\/revisions"}],"wp:featuredmedia":[{"embeddable":true,"href":"https:\/\/www.europesays.com\/fr\/wp-json\/wp\/v2\/media\/52455"}],"wp:attachment":[{"href":"https:\/\/www.europesays.com\/fr\/wp-json\/wp\/v2\/media?parent=52454"}],"wp:term":[{"taxonomy":"category","embeddable":true,"href":"https:\/\/www.europesays.com\/fr\/wp-json\/wp\/v2\/categories?post=52454"},{"taxonomy":"post_tag","embeddable":true,"href":"https:\/\/www.europesays.com\/fr\/wp-json\/wp\/v2\/tags?post=52454"}],"curies":[{"name":"wp","href":"https:\/\/api.w.org\/{rel}","templated":true}]}}