{"id":524540,"date":"2025-11-10T08:47:14","date_gmt":"2025-11-10T08:47:14","guid":{"rendered":"https:\/\/www.europesays.com\/fr\/524540\/"},"modified":"2025-11-10T08:47:14","modified_gmt":"2025-11-10T08:47:14","slug":"a-ploudalmezeau-530-participants-aux-cotes-des-champions-cyclistes-a-la-val-madouas-diaporama","status":"publish","type":"post","link":"https:\/\/www.europesays.com\/fr\/524540\/","title":{"rendered":"\u00c0 Ploudalm\u00e9zeau, 530 participants aux c\u00f4t\u00e9s des champions cyclistes \u00e0 la Val Madouas [Diaporama]"},"content":{"rendered":"<p>La sixi\u00e8me \u00ab\u00a0Val Madouas\u00a0\u00bb a connu un franc succ\u00e8s, le dimanche 9 novembre 2025, au d\u00e9part de la halle multifonctions de Ploudalm\u00e9zeau\u00a0! On a compt\u00e9 530 participants, soit 290 cyclistes et 240 marcheurs et traileurs. Tous \u00e9taient r\u00e9unis autour du <a href=\"https:\/\/www.letelegramme.fr\/sports\/cyclisme\/deux-ans-apres-sa-victoire-en-bleu-blanc-rouge-valentin-madouas-retrouve-des-couleurs-sur-la-bretagne-classic-a-plouay-6879742.php\" target=\"_blank\" rel=\"noopener\">cycliste brestois Valentin Madouas<\/a>, m\u00e9daill\u00e9 d\u2019argent aux Jeux olympiques de Paris 2024, accompagn\u00e9 de deux autres championnes, Ma\u00ebva Squiban, qui a remport\u00e9 deux \u00e9tapes cons\u00e9cutives du Tour de France femmes 2025, et C\u00e9lia Le Mou\u00ebl, plusieurs fois titr\u00e9e championne de France.<\/p>\n<p>Cet \u00e9v\u00e9nement solidaire est organis\u00e9 tous les ans par le club du Team Oxyg\u00e8ne Ploudal Portsall (TO2P) de Ploudalm\u00e9zeau et par le fan-club de Valentin Madouas, en soutien au fonds de dotation <a href=\"https:\/\/fonds-innoveo.bzh\/\" target=\"_blank\" rel=\"noopener\">Innoveo<\/a> du CHU de Brest pour la recherche sur le cancer.<\/p>\n<p>S\u00e9ances photo et d\u00e9dicaces<\/p>\n<p>Aux c\u00f4t\u00e9s des champions, les participants se sont \u00e9lanc\u00e9s sur des parcours v\u00e9lo de 15, 30 ou 70\u00a0km et sur des circuits de 10 et 15 km de marche et de trail.<\/p>\n<p>Au retour, apr\u00e8s un casse-cro\u00fbte r\u00e9parateur, Valentin Madouas, <a href=\"https:\/\/www.letelegramme.fr\/finistere\/gouesnou-29850\/les-championnes-cyclistes-de-lac-gouesnou-maeva-squiban-et-celia-le-mouel-mises-a-lhonneur-6925227.php\" target=\"_blank\" rel=\"noopener\">C\u00e9lia Le Mou\u00ebl et Ma\u00ebva Squiban<\/a> se sont pr\u00eat\u00e9s volontiers aux s\u00e9ances photo et d\u00e9dicaces pour le plus grand bonheur du public nombreux. Un concours de dessins, pour les plus jeunes, et une tombola avec de nombreux lots \u00e0 gagner ont clos cette matin\u00e9e dans une ambiance des plus sympathiques.<\/p>\n","protected":false},"excerpt":{"rendered":"La sixi\u00e8me \u00ab\u00a0Val Madouas\u00a0\u00bb a connu un franc succ\u00e8s, le dimanche 9 novembre 2025, au d\u00e9part de la&hellip;\n","protected":false},"author":2,"featured_media":524541,"comment_status":"","ping_status":"","sticky":false,"template":"","format":"standard","meta":{"footnotes":""},"categories":[1411],"tags":[3450,1154,207,1011,27,10151,24383,801,3400,60,19282,208],"class_list":{"0":"post-524540","1":"post","2":"type-post","3":"status-publish","4":"format-standard","5":"has-post-thumbnail","7":"category-cyclisme","8":"tag-brest","9":"tag-cycling","10":"tag-cyclisme","11":"tag-fr","12":"tag-france","13":"tag-gouesnou","14":"tag-ploudalmezeau","15":"tag-social","16":"tag-solidarite","17":"tag-sports","18":"tag-valentin-madouas","19":"tag-velo"},"share_on_mastodon":{"url":"https:\/\/pubeurope.com\/@fr\/115524537182823260","error":""},"_links":{"self":[{"href":"https:\/\/www.europesays.com\/fr\/wp-json\/wp\/v2\/posts\/524540","targetHints":{"allow":["GET"]}}],"collection":[{"href":"https:\/\/www.europesays.com\/fr\/wp-json\/wp\/v2\/posts"}],"about":[{"href":"https:\/\/www.europesays.com\/fr\/wp-json\/wp\/v2\/types\/post"}],"author":[{"embeddable":true,"href":"https:\/\/www.europesays.com\/fr\/wp-json\/wp\/v2\/users\/2"}],"replies":[{"embeddable":true,"href":"https:\/\/www.europesays.com\/fr\/wp-json\/wp\/v2\/comments?post=524540"}],"version-history":[{"count":0,"href":"https:\/\/www.europesays.com\/fr\/wp-json\/wp\/v2\/posts\/524540\/revisions"}],"wp:featuredmedia":[{"embeddable":true,"href":"https:\/\/www.europesays.com\/fr\/wp-json\/wp\/v2\/media\/524541"}],"wp:attachment":[{"href":"https:\/\/www.europesays.com\/fr\/wp-json\/wp\/v2\/media?parent=524540"}],"wp:term":[{"taxonomy":"category","embeddable":true,"href":"https:\/\/www.europesays.com\/fr\/wp-json\/wp\/v2\/categories?post=524540"},{"taxonomy":"post_tag","embeddable":true,"href":"https:\/\/www.europesays.com\/fr\/wp-json\/wp\/v2\/tags?post=524540"}],"curies":[{"name":"wp","href":"https:\/\/api.w.org\/{rel}","templated":true}]}}