{"id":524544,"date":"2025-11-10T08:49:12","date_gmt":"2025-11-10T08:49:12","guid":{"rendered":"https:\/\/www.europesays.com\/fr\/524544\/"},"modified":"2025-11-10T08:49:12","modified_gmt":"2025-11-10T08:49:12","slug":"sylvie-testud-revient-sur-sa-premiere-rencontre-avec-son-pere-a-lage-de-34-ans","status":"publish","type":"post","link":"https:\/\/www.europesays.com\/fr\/524544\/","title":{"rendered":"Sylvie Testud revient sur sa premi\u00e8re rencontre avec son p\u00e8re, \u00e0 l\u2019\u00e2ge de 34 ans"},"content":{"rendered":"<p>    Sylvie Testud dans \u00abUn dimanche \u00e0 la campagne\u00bb<br \/>\n                Capture d&rsquo;\u00e9cran<\/p>\n<p>\n    La com\u00e9dienne s\u2019est livr\u00e9e sur les succ\u00e8s et les \u00e9checs de sa carri\u00e8re aupr\u00e8s de Fr\u00e9d\u00e9ric Lopez, mais \u00e9galement de son enfance marqu\u00e9e par une absence paternelle.<\/p>\n<p class=\"fig-paragraph\">Deux C\u00e9sar, un Moli\u00e8re. \u00c0 54 ans,\u00a0<a href=\"https:\/\/www.lefigaro.fr\/tag\/sylvie-testud\" target=\"_blank\" rel=\"sponsored noopener\" data-gtm-custom-categorie=\"navigation\" data-gtm-custom-action=\"crossclick\" data-gtm-custom-label=\"Contextuel\" data-gtm-event=\"customEventSPE\">Sylvie Testud<\/a>\u00a0continue de briller tant derri\u00e8re une cam\u00e9ra de cin\u00e9ma que sur les planches des th\u00e9\u00e2tres. Actuellement en sc\u00e8ne aux c\u00f4t\u00e9s, entre autres, de St\u00e9phane de Groodt et de Clotilde Courau dans la pi\u00e8ce La v\u00e9rit\u00e9, elle s\u2019est pr\u00eat\u00e9e \u00e0 la parenth\u00e8se propos\u00e9e par\u00a0<a href=\"https:\/\/www.lefigaro.fr\/tag\/frederic-lopez\" target=\"_blank\" rel=\"sponsored noopener\" data-gtm-custom-categorie=\"navigation\" data-gtm-custom-action=\"crossclick\" data-gtm-custom-label=\"Contextuel\" data-gtm-event=\"customEventSPE\">Fr\u00e9d\u00e9ric Lopez<\/a>\u00a0le temps d\u2019un\u00a0<a href=\"https:\/\/www.lefigaro.fr\/tag\/un-dimanche-a-la-campagne\" target=\"_blank\" rel=\"sponsored noopener\" data-gtm-custom-categorie=\"navigation\" data-gtm-custom-action=\"crossclick\" data-gtm-custom-label=\"Contextuel\" data-gtm-event=\"customEventSPE\">\u00abDimanche \u00e0 la campagne\u00bb<\/a>.<\/p>\n<p class=\"fig-paragraph\">Invit\u00e9e avec le chanteur Garou et l\u2019avocat et ancien ministre\u00a0<a href=\"http:\/\/tvmag.lefigaro.fr\/programme-tv\/actu-tele\/on-a-decouvert-son-corps-le-long-de-voies-ferrees-eric-dupond-moretti-se-confie-sur-l-assassinat-de-son-grand-pere-20251109\" target=\"_blank\" data-fig-type=\"Article\" rel=\"noopener\" data-gtm-custom-categorie=\"navigation\" data-gtm-custom-action=\"crossclick\" data-gtm-custom-label=\"Contextuel\" data-gtm-event=\"customEventSPE\" data-fig-domain=\"TVMAG\">\u00c9ric Dupond-Moretti<\/a>, la com\u00e9dienne a touch\u00e9 les t\u00e9l\u00e9spectateurs par son authenticit\u00e9, son humour mais \u00e9galement par le r\u00e9cit de son enfance, marqu\u00e9e par l\u2019absence de son p\u00e8re. \u00abIl est parti quand j\u2019avais deux ans. Ma s\u0153ur a\u00een\u00e9e en avait quatre et ma petite s\u0153ur allait venir\u00bb, a-t-elle d\u00e9clar\u00e9 en expliquant avoir tenu le r\u00f4le de protectrice de ce quatuor f\u00e9minin. N\u2019ayant aucune information sur ce p\u00e8re dont le nom \u00e9tait devenu tabou, Sylvie Testud l\u2019a alors id\u00e9alis\u00e9. \u00abPour moi il \u00e9tait blond, aux yeux bleus. Il \u00e9tait hyper sympa, hyper dr\u00f4le, il faisait super peur, il \u00e9tait hyper m\u00e9chant, enfin tout.\u00bb<\/p>\n<p class=\"fig-body-link\">\n            \u00c0 lire aussi<br \/>\n        <a class=\"fig-body-link__link\" href=\"http:\/\/tvmag.lefigaro.fr\/programme-tv\/actu-tele\/je-suis-tombee-de-ma-chaise-sylvie-testud-revient-sur-les-accusations-contre-gerard-depardieu-20240530\" target=\"_blank\" data-fig-type=\"Article\" rel=\"noopener\" data-gtm-custom-categorie=\"navigation\" data-gtm-custom-action=\"crossclick\" data-gtm-custom-label=\"Contextuel\" data-gtm-event=\"customEventSPE\" data-fig-domain=\"TVMAG\"><\/p>\n<p>        \u00abJe suis tomb\u00e9e de ma chaise\u00bb: Sylvie Testud revient sur les accusations contre G\u00e9rard Depardieu<br \/>\n    <\/a>\n<\/p>\n<p>                                    <a class=\"fig-a11y-skip a11y-hidden\" href=\"#fig-a11y-skip-main-inarticle\"><br \/>\n        Passer la publicit\u00e9<br \/>\n    <\/a><\/p>\n<p class=\"fig-paragraph\">Celle qui est devenue une actrice de renom n\u2019a fait la rencontre de son g\u00e9niteur que sur le tard, alors qu\u2019elle s\u2019\u00e9tait d\u00e9j\u00e0 \u00e9tablie en tant que femme. \u00abJe jouais une pi\u00e8ce au th\u00e9\u00e2tre de la Croix Rousse de St\u00e9phane Zweg, La piti\u00e9 dangereuse. J\u2019arrive sur sc\u00e8ne et l\u00e0 c\u2019est comme si quelqu\u2019un m\u2019avait dit\u00a0: \u201cregarde ce type\u201d. Je n\u2019avais m\u00eame pas dit un mot, je le vois et je me dis que c\u2019est s\u00fbr que c\u2019est lui\u00bb, s\u2019est-elle souvenue. Elle a alors fait part de cette certitude \u00e0 son partenaire de jeu, qui ne peut qu\u2019approuver l\u2019\u00e9vidence. Boulevers\u00e9e par cette incursion dans sa vie, Sylvie Testud s\u2019est alors questionn\u00e9e sur la marche \u00e0 suivre. \u00abJ\u2019\u00e9tais dans tous mes \u00e9tats. D\u2019un coup il \u00e9tait vivant, d\u2019un coup il existait\u00bb, a-t-elle reconnu. Tous ses amis lui ont alors conseill\u00e9 de prendre contact avec cet homme, chose qu\u2019elle a faite.<\/p>\n<p class=\"fig-paragraph\">\u00abJe ne savais pas comment m\u2019adresser alors j\u2019ai dit\u00a0: \u201cBonjour, c\u2019est Sylvie Testud\u201d. Et au bout du fil j\u2019entends, et \u00e7a m\u2019a tu\u00e9e\u00a0: \u201ceh c\u2019est bien de me t\u00e9l\u00e9phoner\u201d\u00bb, a-t-elle imit\u00e9 prenant l\u2019accent du Sud. Et de poursuivre\u00a0: \u00abJe ne savais m\u00eame pas qu\u2019il avait un accent. Je ne savais pas o\u00f9 il \u00e9tait n\u00e9, je ne savais rien. Ce qui m\u2019a le plus tu\u00e9e c\u2019est qu\u2019il m\u2019a propos\u00e9 qu\u2019on se voit. Je pensais qu\u2019il allait me dire le lendemain mais il me dit mercredi en huit. Je m\u2019en rappellerai toute ma vie. Mercredi en huit. Le gars n\u2019\u00e9tait pas press\u00e9 en fait. Il s\u2019en foutait mais j\u2019ai accept\u00e9 et on s\u2019est vus une semaine apr\u00e8s.\u00bb\u00a0<\/p>\n","protected":false},"excerpt":{"rendered":"Sylvie Testud dans \u00abUn dimanche \u00e0 la campagne\u00bb Capture d&rsquo;\u00e9cran La com\u00e9dienne s\u2019est livr\u00e9e sur les succ\u00e8s et&hellip;\n","protected":false},"author":2,"featured_media":524545,"comment_status":"","ping_status":"","sticky":false,"template":"","format":"standard","meta":{"footnotes":""},"categories":[1359],"tags":[58,59,1011,27,9481,973,64344],"class_list":{"0":"post-524544","1":"post","2":"type-post","3":"status-publish","4":"format-standard","5":"has-post-thumbnail","7":"category-people","8":"tag-divertissement","9":"tag-entertainment","10":"tag-fr","11":"tag-france","12":"tag-frederic-lopez","13":"tag-people","14":"tag-sylvie-testud"},"share_on_mastodon":{"url":"https:\/\/pubeurope.com\/@fr\/115524545120094589","error":""},"_links":{"self":[{"href":"https:\/\/www.europesays.com\/fr\/wp-json\/wp\/v2\/posts\/524544","targetHints":{"allow":["GET"]}}],"collection":[{"href":"https:\/\/www.europesays.com\/fr\/wp-json\/wp\/v2\/posts"}],"about":[{"href":"https:\/\/www.europesays.com\/fr\/wp-json\/wp\/v2\/types\/post"}],"author":[{"embeddable":true,"href":"https:\/\/www.europesays.com\/fr\/wp-json\/wp\/v2\/users\/2"}],"replies":[{"embeddable":true,"href":"https:\/\/www.europesays.com\/fr\/wp-json\/wp\/v2\/comments?post=524544"}],"version-history":[{"count":0,"href":"https:\/\/www.europesays.com\/fr\/wp-json\/wp\/v2\/posts\/524544\/revisions"}],"wp:featuredmedia":[{"embeddable":true,"href":"https:\/\/www.europesays.com\/fr\/wp-json\/wp\/v2\/media\/524545"}],"wp:attachment":[{"href":"https:\/\/www.europesays.com\/fr\/wp-json\/wp\/v2\/media?parent=524544"}],"wp:term":[{"taxonomy":"category","embeddable":true,"href":"https:\/\/www.europesays.com\/fr\/wp-json\/wp\/v2\/categories?post=524544"},{"taxonomy":"post_tag","embeddable":true,"href":"https:\/\/www.europesays.com\/fr\/wp-json\/wp\/v2\/tags?post=524544"}],"curies":[{"name":"wp","href":"https:\/\/api.w.org\/{rel}","templated":true}]}}