{"id":524564,"date":"2025-11-10T09:00:18","date_gmt":"2025-11-10T09:00:18","guid":{"rendered":"https:\/\/www.europesays.com\/fr\/524564\/"},"modified":"2025-11-10T09:00:18","modified_gmt":"2025-11-10T09:00:18","slug":"les-etats-europeens-nont-pas-pris-conscience-de-lampleur-de-la-repression-transnationale-dans-lue-liberation","status":"publish","type":"post","link":"https:\/\/www.europesays.com\/fr\/524564\/","title":{"rendered":"\u00abLes Etats europ\u00e9ens n\u2019ont pas pris conscience de l\u2019ampleur de la r\u00e9pression transnationale dans l\u2019UE\u00bb \u2013 Lib\u00e9ration"},"content":{"rendered":"<p class=\"sc-cPiKLX AiZTS text-element\">Les cas ne sont pas toujours visibles, souvent peu r\u00e9pertori\u00e9s, toujours mal pris en compte. Intimidations, tentatives d\u2019enl\u00e8vements, extradition abusive, chantage, surveillance\u2026 Toute une panoplie de tactiques et de menaces est de plus en plus d\u00e9ploy\u00e9e dans les d\u00e9mocraties pour r\u00e9duire au silence, harceler, contr\u00f4ler des d\u00e9fenseurs des droits humains, de l\u2019environnement, des militants, des journalistes, voire n\u2019importe quel citoyen critiquant des r\u00e9gimes autoritaires ou des groupes mafieux. Ceux-ci frappent leurs cibles bien au-del\u00e0 des fronti\u00e8res nationales.<\/p>\n<p class=\"sc-cPiKLX AiZTS text-element\">Un quart des gouvernements de la plan\u00e8te utilisent ces tactiques de r\u00e9pression transnationale, selon l\u2019ONG am\u00e9ricaine Freedom House. Et parmi ceux-ci, dix Etats sont responsables de pr\u00e8s de 80 % des cas connus : <a href=\"https:\/\/www.liberation.fr\/international\/asie-pacifique\/chine-ou-est-gui-minhai-editeur-aux-mains-de-pekin-depuis-dix-ans-20251016_XE66XISZZJCDZMJ5DNGWWTEZCM\/\" target=\"_blank\" rel=\"noopener\" title=\"https:\/\/www.liberation.fr\/international\/asie-pacifique\/chine-ou-est-gui-minhai-editeur-aux-mains-de-pekin-depuis-dix-ans-20251016_XE66XISZZJCDZMJ5DNGWWTEZCM\/\">Chine<\/a>, Turquie, Tadjikistan, Russie, Egypte, <a href=\"https:\/\/www.liberation.fr\/international\/asie-pacifique\/thailande-un-tueur-recherche-apres-le-meurtre-dun-ancien-elu-franco-cambodgien-20250108_NVWBTM3YLBD47FIAQMJDFEDG4M\/\" target=\"_blank\" rel=\"noopener\" title=\"https:\/\/www.liberation.fr\/international\/asie-pacifique\/thailande-un-tueur-recherche-apres-le-meurtre-dun&lt;\/p&gt;&lt;\/div&gt;&lt;\/article&gt;&lt;\/div&gt;&lt;div data-fusion-lazy-id=\" f0f8vgvlad832fw=\"\"><\/p>\n","protected":false},"excerpt":{"rendered":"Les cas ne sont pas toujours visibles, souvent peu r\u00e9pertori\u00e9s, toujours mal pris en compte. Intimidations, tentatives d\u2019enl\u00e8vements,&hellip;\n","protected":false},"author":2,"featured_media":524565,"comment_status":"","ping_status":"","sticky":false,"template":"","format":"standard","meta":{"footnotes":""},"categories":[5],"tags":[11,15,309,2196,9268,4777,1011,27,223,14,12,132,364,28],"class_list":{"0":"post-524564","1":"post","2":"type-post","3":"status-publish","4":"format-standard","5":"has-post-thumbnail","7":"category-international","8":"tag-actualites","9":"tag-algerie","10":"tag-chine","11":"tag-commission-europeenne","12":"tag-droits-humain","13":"tag-espionnage","14":"tag-fr","15":"tag-france","16":"tag-intelligence-artificielle","17":"tag-international","18":"tag-news","19":"tag-russie","20":"tag-union-europeenne","21":"tag-world"},"share_on_mastodon":{"url":"https:\/\/pubeurope.com\/@fr\/115524588243813668","error":""},"_links":{"self":[{"href":"https:\/\/www.europesays.com\/fr\/wp-json\/wp\/v2\/posts\/524564","targetHints":{"allow":["GET"]}}],"collection":[{"href":"https:\/\/www.europesays.com\/fr\/wp-json\/wp\/v2\/posts"}],"about":[{"href":"https:\/\/www.europesays.com\/fr\/wp-json\/wp\/v2\/types\/post"}],"author":[{"embeddable":true,"href":"https:\/\/www.europesays.com\/fr\/wp-json\/wp\/v2\/users\/2"}],"replies":[{"embeddable":true,"href":"https:\/\/www.europesays.com\/fr\/wp-json\/wp\/v2\/comments?post=524564"}],"version-history":[{"count":0,"href":"https:\/\/www.europesays.com\/fr\/wp-json\/wp\/v2\/posts\/524564\/revisions"}],"wp:featuredmedia":[{"embeddable":true,"href":"https:\/\/www.europesays.com\/fr\/wp-json\/wp\/v2\/media\/524565"}],"wp:attachment":[{"href":"https:\/\/www.europesays.com\/fr\/wp-json\/wp\/v2\/media?parent=524564"}],"wp:term":[{"taxonomy":"category","embeddable":true,"href":"https:\/\/www.europesays.com\/fr\/wp-json\/wp\/v2\/categories?post=524564"},{"taxonomy":"post_tag","embeddable":true,"href":"https:\/\/www.europesays.com\/fr\/wp-json\/wp\/v2\/tags?post=524564"}],"curies":[{"name":"wp","href":"https:\/\/api.w.org\/{rel}","templated":true}]}}