{"id":524567,"date":"2025-11-10T09:03:13","date_gmt":"2025-11-10T09:03:13","guid":{"rendered":"https:\/\/www.europesays.com\/fr\/524567\/"},"modified":"2025-11-10T09:03:13","modified_gmt":"2025-11-10T09:03:13","slug":"les-deputes-renoncent-a-sattaquer-aux-depassements-dhonoraires-des-medecins-specialistes-liberation","status":"publish","type":"post","link":"https:\/\/www.europesays.com\/fr\/524567\/","title":{"rendered":"les d\u00e9put\u00e9s renoncent \u00e0 s\u2019attaquer aux d\u00e9passements d\u2019honoraires des m\u00e9decins sp\u00e9cialistes \u2013 Lib\u00e9ration"},"content":{"rendered":"<p class=\"sc-cPiKLX AiZTS text-element\">Plus de peur que de mal pour les m\u00e9decins lib\u00e9raux et une grosse d\u00e9ception pour les assur\u00e9s sociaux. Dimanche 9 novembre, dans le cadre du d\u00e9bat sur <a href=\"https:\/\/www.liberation.fr\/politique\/nutriscore-hexane-remise-sur-les-medicaments-les-deputes-adoptent-plusieurs-amendements-dans-le-budget-de-la-secu-20251108_QDZDA35HFJGJ5C7D5R3HCKFEZI\/?redirected=1\" target=\"_blank\" rel=\"noopener\" title=\"https:\/\/www.liberation.fr\/politique\/nutriscore-hexane-remise-sur-les-medicaments-les-deputes-adoptent-plusieurs-amendements-dans-le-budget-de-la-secu-20251108_QDZDA35HFJGJ5C7D5R3HCKFEZI\/?redirected=1\">le budget de la S\u00e9cu<\/a>, l\u2019Assembl\u00e9e nationale a rejet\u00e9, par 133 voix contre 96, la proposition du gouvernement d\u2019instaurer une surcotisation sur les d\u00e9passements d\u2019honoraires des sp\u00e9cialistes du secteur 2, trop dynamique \u00e0 son go\u00fbt.<\/p>\n","protected":false},"excerpt":{"rendered":"Plus de peur que de mal pour les m\u00e9decins lib\u00e9raux et une grosse d\u00e9ception pour les assur\u00e9s sociaux.&hellip;\n","protected":false},"author":2,"featured_media":524568,"comment_status":"","ping_status":"","sticky":false,"template":"","format":"standard","meta":{"footnotes":""},"categories":[2],"tags":[11,732,25548,1011,27,12,731],"class_list":{"0":"post-524567","1":"post","2":"type-post","3":"status-publish","4":"format-standard","5":"has-post-thumbnail","7":"category-actualites","8":"tag-actualites","9":"tag-assurance-maladie","10":"tag-budget-public","11":"tag-fr","12":"tag-france","13":"tag-news","14":"tag-securite-sociale"},"share_on_mastodon":{"url":"https:\/\/pubeurope.com\/@fr\/115524600102243175","error":""},"_links":{"self":[{"href":"https:\/\/www.europesays.com\/fr\/wp-json\/wp\/v2\/posts\/524567","targetHints":{"allow":["GET"]}}],"collection":[{"href":"https:\/\/www.europesays.com\/fr\/wp-json\/wp\/v2\/posts"}],"about":[{"href":"https:\/\/www.europesays.com\/fr\/wp-json\/wp\/v2\/types\/post"}],"author":[{"embeddable":true,"href":"https:\/\/www.europesays.com\/fr\/wp-json\/wp\/v2\/users\/2"}],"replies":[{"embeddable":true,"href":"https:\/\/www.europesays.com\/fr\/wp-json\/wp\/v2\/comments?post=524567"}],"version-history":[{"count":0,"href":"https:\/\/www.europesays.com\/fr\/wp-json\/wp\/v2\/posts\/524567\/revisions"}],"wp:featuredmedia":[{"embeddable":true,"href":"https:\/\/www.europesays.com\/fr\/wp-json\/wp\/v2\/media\/524568"}],"wp:attachment":[{"href":"https:\/\/www.europesays.com\/fr\/wp-json\/wp\/v2\/media?parent=524567"}],"wp:term":[{"taxonomy":"category","embeddable":true,"href":"https:\/\/www.europesays.com\/fr\/wp-json\/wp\/v2\/categories?post=524567"},{"taxonomy":"post_tag","embeddable":true,"href":"https:\/\/www.europesays.com\/fr\/wp-json\/wp\/v2\/tags?post=524567"}],"curies":[{"name":"wp","href":"https:\/\/api.w.org\/{rel}","templated":true}]}}