{"id":524569,"date":"2025-11-10T09:04:12","date_gmt":"2025-11-10T09:04:12","guid":{"rendered":"https:\/\/www.europesays.com\/fr\/524569\/"},"modified":"2025-11-10T09:04:12","modified_gmt":"2025-11-10T09:04:12","slug":"un-tunnel-de-stockage-de-fourrage-en-feu","status":"publish","type":"post","link":"https:\/\/www.europesays.com\/fr\/524569\/","title":{"rendered":"un tunnel de stockage de fourrage en feu"},"content":{"rendered":"\n<p>C&rsquo;est une intervention qui demande beaucoup de temps aux pompiers. Ce lundi matin, les soldats du feu sont encore sur le terrain pour un incendie qui s&rsquo;est d\u00e9clar\u00e9 hier aux alentiours de 22h30 au sein d\u2019un tunnel de 250 m\u00b2 de stockage de fourrage. Le feu est d\u00e9sormais maitris\u00e9 mais les pompiers devraient intervenir encore pendant plusieurs heures en raison du caract\u00e8re tr\u00e8s fumig\u00e8ne de ce type d\u2019incendie. Deux lances ont \u00e9t\u00e9 mises en place pour maitriser le foyer et lmiter la propagation des flammes.<\/p>\n<p>Gr\u00e2ce \u00e0 l\u2019aide d\u2019exploitants agricoles, 120 tonnes de fourrages ont pu \u00eatre sortis tu tunnel. A 9h00 ce lundi, il reste 80 tonnes \u00e0 extraire d&rsquo;apr\u00e8s les secours.<\/p>\n<p>Aucun bless\u00e9 n\u2019est \u00e0 d\u00e9plorer.<\/p>\n","protected":false},"excerpt":{"rendered":"C&rsquo;est une intervention qui demande beaucoup de temps aux pompiers. Ce lundi matin, les soldats du feu sont&hellip;\n","protected":false},"author":2,"featured_media":524570,"comment_status":"","ping_status":"","sticky":false,"template":"","format":"standard","meta":{"footnotes":""},"categories":[9653],"tags":[1111,11,2430,1777,674,1312,1011,27,1310,3367,12,1311,25,4001,29878],"class_list":{"0":"post-524569","1":"post","2":"type-post","3":"status-publish","4":"format-standard","5":"has-post-thumbnail","7":"category-saint-etienne","8":"tag-actu","9":"tag-actualites","10":"tag-auvergne-rhone-alpes","11":"tag-eu","12":"tag-europe","13":"tag-feu","14":"tag-fr","15":"tag-france","16":"tag-incendie","17":"tag-loire","18":"tag-news","19":"tag-pompiers","20":"tag-republique-francaise","21":"tag-saint-etienne","22":"tag-saint-victor-sur-loire"},"share_on_mastodon":{"url":"https:\/\/pubeurope.com\/@fr\/115524604166063472","error":""},"_links":{"self":[{"href":"https:\/\/www.europesays.com\/fr\/wp-json\/wp\/v2\/posts\/524569","targetHints":{"allow":["GET"]}}],"collection":[{"href":"https:\/\/www.europesays.com\/fr\/wp-json\/wp\/v2\/posts"}],"about":[{"href":"https:\/\/www.europesays.com\/fr\/wp-json\/wp\/v2\/types\/post"}],"author":[{"embeddable":true,"href":"https:\/\/www.europesays.com\/fr\/wp-json\/wp\/v2\/users\/2"}],"replies":[{"embeddable":true,"href":"https:\/\/www.europesays.com\/fr\/wp-json\/wp\/v2\/comments?post=524569"}],"version-history":[{"count":0,"href":"https:\/\/www.europesays.com\/fr\/wp-json\/wp\/v2\/posts\/524569\/revisions"}],"wp:featuredmedia":[{"embeddable":true,"href":"https:\/\/www.europesays.com\/fr\/wp-json\/wp\/v2\/media\/524570"}],"wp:attachment":[{"href":"https:\/\/www.europesays.com\/fr\/wp-json\/wp\/v2\/media?parent=524569"}],"wp:term":[{"taxonomy":"category","embeddable":true,"href":"https:\/\/www.europesays.com\/fr\/wp-json\/wp\/v2\/categories?post=524569"},{"taxonomy":"post_tag","embeddable":true,"href":"https:\/\/www.europesays.com\/fr\/wp-json\/wp\/v2\/tags?post=524569"}],"curies":[{"name":"wp","href":"https:\/\/api.w.org\/{rel}","templated":true}]}}