{"id":524584,"date":"2025-11-10T09:16:09","date_gmt":"2025-11-10T09:16:09","guid":{"rendered":"https:\/\/www.europesays.com\/fr\/524584\/"},"modified":"2025-11-10T09:16:09","modified_gmt":"2025-11-10T09:16:09","slug":"limposture-verte-se-fait-discrete","status":"publish","type":"post","link":"https:\/\/www.europesays.com\/fr\/524584\/","title":{"rendered":"L&rsquo;IMPOSTURE VERTE SE FAIT DISCR\u00c8TE"},"content":{"rendered":"<p>Posted On 10 novembre 2025 <\/p>\n<p style=\"text-align: justify;\">Passer entre les gouttes pour ne pas \u00eatre confront\u00e9e \u00e0 l&rsquo;hypocrisie de sa d\u00e9marche : telle est la strat\u00e9gie de Laurence Ruffin (Verts), la candidate de Piolle qui a compl\u00e8tement disparu des radars depuis <a href=\"https:\/\/grenoble-le-changement.fr\/2025\/11\/03\/ruffin-brunon-et-les-autres-le-flou-comme-programme-de-succession-a-piolle\/\" target=\"_blank\" rel=\"noopener\">son lancement de campagne calamiteux<\/a>. Il s&rsquo;agit de se faire oublier au maximum car son storytelling a d\u00e9j\u00e0 explos\u00e9 en vol, d\u00e9finitivement enterr\u00e9 par les r\u00e9v\u00e9lations sur l&rsquo;activit\u00e9 de son ex entreprise, Alma. Si en latin \u00ab\u00a0Alma mater\u00a0\u00bb est la m\u00e8re nourrici\u00e8re, la figure qui prot\u00e8ge, c&rsquo;est tout l&rsquo;inverse avec Laurence Ruffin.\u00a0<\/p>\n<p><a href=\"https:\/\/grenoble-le-changement.fr\/wp-content\/uploads\/2025\/11\/grenoble-agglo-laurence-ruffin.png\" rel=\"lightbox[86032] noopener\" target=\"_blank\"><img loading=\"lazy\" decoding=\"async\" class=\" wp-image-86041 jetpack-lazy-image\" src=\"https:\/\/grenoble-le-changement.fr\/wp-content\/uploads\/2025\/11\/grenoble-agglo-laurence-ruffin-300x296.png\" alt=\"\" width=\"452\" height=\"446\" data-lazy-src=\"https:\/\/www.europesays.com\/fr\/wp-content\/uploads\/2025\/11\/grenoble-agglo-laurence-ruffin-300x296.png\" \/><\/a>L&rsquo;analyse de <a target=\"_blank\" href=\"https:\/\/www.facebook.com\/GrenobleAgglo\" rel=\"noopener\">Grenoble Agglo<\/a> sur la campagne Ruffin<br \/>\nL&rsquo;H\u00c9RITI\u00c8RE DES VERTS, SOLDAT DE L&rsquo;INDUSTRIE LOURDE<\/p>\n<p style=\"text-align: justify;\">Car sa candidature \u00e0 la succession d\u2019\u00c9ric Piolle \u00e0 Grenoble est min\u00e9e par une contradiction fondamentale. Pouss\u00e9e par les \u00c9cologistes, le Parti communiste et <a href=\"https:\/\/grenoble-le-changement.fr\/2025\/10\/06\/sondage-les-verts-ades-et-cluster17-linstitut-qui-se-trompe-17-fois\/\" target=\"_blank\" rel=\"noopener\">l&rsquo;ADES<\/a> (le groupuscule de Raymond Avrillier et Vincent Comparat), elle tire la source de son storytelling politique de son pass\u00e9 de PDG de la Scop \u201cALMA\u201d, un \u00e9diteur de logiciels. Ce CV, cens\u00e9 attester une comp\u00e9tence manag\u00e9riale \u00e9thique, se r\u00e9v\u00e8le \u00eatre en r\u00e9alit\u00e9 son talon d&rsquo;Achille : pendant quinze ans, Ruffin a dirig\u00e9 une entreprise qui fabrique des logiciels pour les secteurs les plus polluants de la plan\u00e8te.<\/p>\n<p>LA LISTE NOIRE DES CLIENTS : AVIONS PRIV\u00c9S, MINES ET ARMEMENT<\/p>\n<p style=\"text-align: justify;\"><a target=\"_blank\" href=\"https:\/\/grandgrenoble.alpes1.com\/news\/locales\/28784\/grenoble-la-mise-en-cause-des-activites-de-laurence-ruffin-embarrasse-la-majorite-municipale\" rel=\"noopener\">Le Postillon a r\u00e9v\u00e9l\u00e9 qui sont<\/a> les entreprises qui utilisent les logiciels d&rsquo;Alma : \u00ab\u00a0les constructeurs de machines-outils et de robots, la construction m\u00e9tallique, les chaudronniers industriels, les constructeurs d&rsquo;avions, le BTP, les fabricants de mat\u00e9riel agricole ou d&rsquo;\u00e9quipements minier ou les constructeurs de mat\u00e9riel de transports routier et ferroviaire qui peuvent \u00eatre civils et militaires\u00a0\u00bb.<a target=\"_blank\" href=\"https:\/\/grandgrenoble.alpes1.com\/news\/locales\/28784\/grenoble-la-mise-en-cause-des-activites-de-laurence-ruffin-embarrasse-la-majorite-municipale\" rel=\"noopener\"> Mais \u00e9galement \u00ab\u00a0les chantiers navals<\/a> et les plateformes offshore\u00a0\u00bb. On retrouve par exemple comme client Gulfstream Aerospace Corp., constructeur am\u00e9ricain d&rsquo;avions priv\u00e9s. Et le bilan-carbone, Marie-Chantal ?\u00a0<\/p>\n<p><a href=\"https:\/\/grenoble-le-changement.fr\/wp-content\/uploads\/2025\/11\/Ruffin-embarras-majorite\u0301-1-1.png\" rel=\"lightbox[86032] noopener\" target=\"_blank\"><img loading=\"lazy\" decoding=\"async\" class=\" wp-image-86004 jetpack-lazy-image\" src=\"https:\/\/grenoble-le-changement.fr\/wp-content\/uploads\/2025\/11\/Ruffin-embarras-majorite\u0301-1-1-300x212.png\" alt=\"\" width=\"599\" height=\"423\" data-lazy-src=\"https:\/\/www.europesays.com\/fr\/wp-content\/uploads\/2025\/11\/Ruffin-embarras-majorite\u0301-1-1-300x212.png\" \/><\/a><a target=\"_blank\" href=\"https:\/\/www.grenoblemag.com\/\" rel=\"noopener\">Grenoble Mag<\/a><br \/>\nPENDANT CE TEMPS, LES DISCOURS DES VERTS SUR LA PLAN\u00c8TE<\/p>\n<p style=\"text-align: justify;\">Soit la quasi-totalit\u00e9 des secteurs industriels consid\u00e9r\u00e9s comme particuli\u00e8rement responsables du r\u00e9chauffement climatique et attentatoires \u00e0 l&rsquo;environnement. Pendant ce temps <a href=\"https:\/\/grenoble-le-changement.fr\/2025\/11\/08\/la-majorite-municipale-veut-stopper-toute-activite-humaine\/\" target=\"_blank\" rel=\"noopener\">les \u00e9lus Verts qui rempilent avec Ruffin discourent en conseil municipal<\/a> sur \u00ab\u00a0l&rsquo;activit\u00e9 humaine\u00a0\u00bb dans sa globalit\u00e9 qui serait mauvaise pour la terre. Surtout la leur \u00e0 priori ! L&rsquo;hypocrisie est compl\u00e8te et embarrasse <a target=\"_blank\" href=\"https:\/\/grandgrenoble.alpes1.com\/news\/locales\/28784\/grenoble-la-mise-en-cause-des-activites-de-laurence-ruffin-embarrasse-la-majorite-municipale\" rel=\"noopener\">jusque dans les rangs de la majorit\u00e9<\/a> tant cette activit\u00e9 \u00e9corne l&rsquo;image \u00ab\u00a0verte\u00a0\u00bb qu&rsquo;attend l&rsquo;\u00e9lecteur \u00ab\u00a0\u00e9colo\u00a0\u00bb.\u00a0<\/p>\n<p>L&rsquo;\u00c9COLOGIE DE LA COMPROMISSION AVEC LE \u00ab\u00a0CO-OP WASHING\u00a0\u00bb<\/p>\n<p style=\"text-align: justify;\">Point de vue social, le mod\u00e8le coop\u00e9ratif d&rsquo;Alma est brandi comme le triomphe de l&rsquo;\u00e9conomie socio-solidaire, qui garantirait une \u00ab\u00a0gouvernance partag\u00e9e\u00a0\u00bb et tout faire pour une juste \u00ab\u00a0r\u00e9partition de valeur\u00a0\u00bb. Il faut pr\u00e9ciser que la r\u00e9partition de valeur se fait entre CSP ais\u00e9es, puisqu&rsquo;on retrouve des ing\u00e9nieurs plut\u00f4t que des ouvriers dans cette soci\u00e9t\u00e9.\u00a0Et surtout, cette pr\u00e9sentation flatteuse du mod\u00e8le vise \u00e0 masque la nature destructrice du fond : les services fournis. Un \u00ab\u00a0co-op washing\u00a0\u00bb, une forme de gestion sociale calibr\u00e9e pour camoufler la finalit\u00e9 de la production catastrophique pour la plan\u00e8te.<\/p>\n<p><a href=\"https:\/\/grenoble-le-changement.fr\/wp-content\/uploads\/2025\/10\/postillon-laurence-ruffin.png\" rel=\"lightbox[86032] noopener\" target=\"_blank\"><img loading=\"lazy\" decoding=\"async\" class=\" wp-image-85410 jetpack-lazy-image\" src=\"https:\/\/grenoble-le-changement.fr\/wp-content\/uploads\/2025\/10\/postillon-laurence-ruffin-149x300.png\" alt=\"\" width=\"465\" height=\"936\" data-lazy-src=\"https:\/\/www.europesays.com\/fr\/wp-content\/uploads\/2025\/11\/postillon-laurence-ruffin-149x300.png\" \/><\/a>Le Postillon<br \/>\nAIDER LES POLLUEURS EST UN BON BUSINESS POUR L. RUFFIN<\/p>\n<p style=\"text-align: justify;\">Optimiser la production des plus gros pollueurs de la plan\u00e8te est un business qui fonctionne, puisque <a target=\"_blank\" href=\"https:\/\/www.presences-grenoble.fr\/actualites-services-grenoble\/alma-scop-laurence-ruffin-organise-la-transition.htm\" rel=\"noopener\">Alma affiche fi\u00e8rement<\/a> un chiffre d&rsquo;affaires de 12,7 millions d&rsquo;euros en 2024, un r\u00e9sultat net de 2,4 millions d&rsquo;euros et 11,6 millions d&rsquo;euros de r\u00e9serves accumul\u00e9es.<a target=\"_blank\" href=\"https:\/\/www.presences-grenoble.fr\/actualites-services-grenoble\/alma-scop-laurence-ruffin-organise-la-transition.htm\" rel=\"noopener\"> L&rsquo;entreprise investit \u00ab\u00a022% du chiffre d&rsquo;affaires<\/a> en recherche et d\u00e9veloppement\u00a0\u00bb et surtout revendique poursuivre son d\u00e9veloppement \u00e0 l&rsquo;international : pourquoi arr\u00eater en si bon chemin, tant que la pollution paye aussi bien ?<\/p>\n<p>REMPLACER L&rsquo;HUMAIN PAR DES LOGICIELS<\/p>\n<p style=\"text-align: justify;\">Au-del\u00e0 de l&rsquo;impact environnemental catastrophique il y a aussi un co\u00fbt social tr\u00e8s lourd.<a href=\"https:\/\/grenoble-le-changement.fr\/2025\/10\/13\/affaires-les-revelations-sur-l-ruffin-verts-plombent-sa-candidature\/\" target=\"_blank\" rel=\"noopener\"> Le but des logiciels est \u00ab\u00a0de r\u00e9duire les co\u00fbts humains\u00a0\u00bb<\/a>, selon Le Postillon. La finalit\u00e9 des logiciels d&rsquo;Alma est de remplacer l&rsquo;humain dans son travail gr\u00e2ce \u00e0 l&rsquo;optimisation des machines-outils et de la robotique. Rappelons que le parti communiste soutient Ruffin : le Grand Soir des travailleurs n&rsquo;est pas pr\u00e8s d&rsquo;arriver en contribuant \u00e0 les supprimer par pure logique productiviste&#8230;<\/p>\n<p>LA CONTRADICTION DE LA RAMPE DE LANCEMENT DE RUFFIN<\/p>\n<p style=\"text-align: justify;\">Voil\u00e0 ce dont Laurence Ruffin a voulu se servir comme rampe de lancement \u00e9lectoral. Une strat\u00e9gie tr\u00e8s limite que d&rsquo;utiliser son entreprise ainsi au service d&rsquo;un projet politique. Et surtout, une faille majeure : comment peut-on pr\u00f4ner la transition \u00e9cologique alors que sa carri\u00e8re est b\u00e2tie sur l&rsquo;optimisation de l&rsquo;industrialisation polluante ? Le pari fait sur la na\u00efvet\u00e9 des \u00e9lecteurs est risqu\u00e9 : ils ont d\u00e9j\u00e0 eu le pr\u00e9c\u00e9dent Piolle qui sert de le\u00e7on.<\/p>\n<p><a href=\"https:\/\/grenoble-le-changement.fr\/wp-content\/uploads\/2025\/09\/piolle-ruffin-manif-hilares.png\" rel=\"lightbox[86032] noopener\" target=\"_blank\"><img loading=\"lazy\" decoding=\"async\" class=\" wp-image-84768 jetpack-lazy-image\" src=\"https:\/\/grenoble-le-changement.fr\/wp-content\/uploads\/2025\/09\/piolle-ruffin-manif-hilares-300x298.png\" alt=\"\" width=\"562\" height=\"558\" data-lazy-src=\"https:\/\/www.europesays.com\/fr\/wp-content\/uploads\/2025\/11\/piolle-ruffin-manif-hilares-300x298.png\" \/><\/a>Piolle Ruffin, m\u00eame rengaine, m\u00eame postures.. mais \u00e7a ne prend plus<br \/>\nAPR\u00c8S PIOLLE QUI \u00ab\u00a0LAVE\u00a0\u00bb LA FINANCE MAIS EN PROFITE&#8230;<\/p>\n<p style=\"text-align: justify;\">Celui-si se pr\u00e9sentait comme le pourfendeur du capitalisme par excellence. Il se mettait en sc\u00e8ne arrosant les vitrines d&rsquo;une agence BNP Paribas pour \u00ab\u00a0laver la finance\u00a0\u00bb. Apr\u00e8s son \u00e9lection, on d\u00e9couvrira qu&rsquo;il est actionnaire d&rsquo;une soci\u00e9t\u00e9 sp\u00e9cialiste de \u00ab\u00a0l&rsquo;optimisation\u00a0\u00bb fiscale o\u00f9 son \u00e9pouse est cadre. Dans le cas de Laurence Ruffin, le storytelling et les postures n&rsquo;auront m\u00eame pas surv\u00e9cu \u00e0 quelques semaines de campagne.<\/p>\n<p>FAIBLE AVEC LES FORTS, FORTS AVEC LES FAIBLES<\/p>\n<p style=\"text-align: justify;\">Laurence Ruffin incarne l&rsquo;arch\u00e9type de l&rsquo;\u00e9cologie de la cosm\u00e9tique, celle qui accepte de travailler avec et pour un syst\u00e8me qu&rsquo;elle pr\u00e9tend combattre, parce que c&rsquo;est ce qu&rsquo;attendent ses \u00e9lecteurs. Une imposture verte qui enrichit l&rsquo;industrie lourde tout en pr\u00eachant la sobri\u00e9t\u00e9 aux autres, dont toute activit\u00e9 serait par nature destructrice. Se soumettre aux plus gros pollueurs tout en fustigeant le petit travailleur <a href=\"https:\/\/grenoble-le-changement.fr\/2025\/06\/21\/zfe-tout-se-jouera-aux-elections-municipales\/\" target=\"_blank\" rel=\"noopener\">qui prend sa voiture dans la ZFE<\/a>&#8230;\u00a0<\/p>\n<p><a href=\"https:\/\/grenoble-le-changement.fr\/wp-content\/uploads\/2025\/11\/Piolle-ruffin-piste-cyclable-2.jpg\" rel=\"lightbox[86032] noopener\" target=\"_blank\"><img loading=\"lazy\" decoding=\"async\" class=\"wp-image-86039 aligncenter jetpack-lazy-image\" src=\"https:\/\/grenoble-le-changement.fr\/wp-content\/uploads\/2025\/11\/Piolle-ruffin-piste-cyclable-2-300x300.jpg\" alt=\"\" width=\"514\" height=\"514\" data-lazy-src=\"https:\/\/www.europesays.com\/fr\/wp-content\/uploads\/2025\/11\/Piolle-ruffin-piste-cyclable-2-300x300.jpg\" \/><\/a><\/p>\n<p>PASSER SOUS LES RADARS POUR ESP\u00c9RER \u00caTRE \u00c9LUE<\/p>\n<p style=\"text-align: justify;\">Cette incoh\u00e9rence majeure dans le storytelling qu&rsquo;elle a laborieusement tent\u00e9 de d\u00e9rouler explique la discr\u00e9tion de Ruffin dans la campagne. Elle entend se faire discr\u00e8te pour ne pas pr\u00eater le flanc aux critiques, li\u00e9es \u00e0 son activit\u00e9 ou \u00e0 son statut d&rsquo;<a href=\"https:\/\/grenoble-le-changement.fr\/2025\/11\/02\/avec-l-ruffin-piolle-na-pas-renonce-a-la-presidence-de-la-metro\/\" target=\"_blank\" rel=\"noopener\">h\u00e9riti\u00e8re des 12 ans de Piolle<\/a>, et tout miser sur une sociologique politique \u00e0 Grenoble qui serait un peu plus favorable aux Verts qu&rsquo;aux autres. Mais sans impulser de dynamique de campagne, le train Ruffin risque bien de rester \u00e0 quai en mars prochain.\u00a0<\/p>\n","protected":false},"excerpt":{"rendered":"Posted On 10 novembre 2025 Passer entre les gouttes pour ne pas \u00eatre confront\u00e9e \u00e0 l&rsquo;hypocrisie de sa&hellip;\n","protected":false},"author":2,"featured_media":524585,"comment_status":"","ping_status":"","sticky":false,"template":"","format":"standard","meta":{"footnotes":""},"categories":[9566],"tags":[1111,11,2430,9607,1777,674,1011,27,2731,10136,12,10140,25,25230],"class_list":{"0":"post-524584","1":"post","2":"type-post","3":"status-publish","4":"format-standard","5":"has-post-thumbnail","7":"category-grenoble","8":"tag-actu","9":"tag-actualites","10":"tag-auvergne-rhone-alpes","11":"tag-eric-piolle","12":"tag-eu","13":"tag-europe","14":"tag-fr","15":"tag-france","16":"tag-grenoble","17":"tag-laurence-ruffin","18":"tag-news","19":"tag-raymond-avrillier","20":"tag-republique-francaise","21":"tag-vincent-comparat"},"share_on_mastodon":{"url":"","error":""},"_links":{"self":[{"href":"https:\/\/www.europesays.com\/fr\/wp-json\/wp\/v2\/posts\/524584","targetHints":{"allow":["GET"]}}],"collection":[{"href":"https:\/\/www.europesays.com\/fr\/wp-json\/wp\/v2\/posts"}],"about":[{"href":"https:\/\/www.europesays.com\/fr\/wp-json\/wp\/v2\/types\/post"}],"author":[{"embeddable":true,"href":"https:\/\/www.europesays.com\/fr\/wp-json\/wp\/v2\/users\/2"}],"replies":[{"embeddable":true,"href":"https:\/\/www.europesays.com\/fr\/wp-json\/wp\/v2\/comments?post=524584"}],"version-history":[{"count":0,"href":"https:\/\/www.europesays.com\/fr\/wp-json\/wp\/v2\/posts\/524584\/revisions"}],"wp:featuredmedia":[{"embeddable":true,"href":"https:\/\/www.europesays.com\/fr\/wp-json\/wp\/v2\/media\/524585"}],"wp:attachment":[{"href":"https:\/\/www.europesays.com\/fr\/wp-json\/wp\/v2\/media?parent=524584"}],"wp:term":[{"taxonomy":"category","embeddable":true,"href":"https:\/\/www.europesays.com\/fr\/wp-json\/wp\/v2\/categories?post=524584"},{"taxonomy":"post_tag","embeddable":true,"href":"https:\/\/www.europesays.com\/fr\/wp-json\/wp\/v2\/tags?post=524584"}],"curies":[{"name":"wp","href":"https:\/\/api.w.org\/{rel}","templated":true}]}}