{"id":524586,"date":"2025-11-10T09:18:53","date_gmt":"2025-11-10T09:18:53","guid":{"rendered":"https:\/\/www.europesays.com\/fr\/524586\/"},"modified":"2025-11-10T09:18:53","modified_gmt":"2025-11-10T09:18:53","slug":"mort-dun-homme-de-28-ans-fauche-par-une-voiture-pres-de-rennes","status":"publish","type":"post","link":"https:\/\/www.europesays.com\/fr\/524586\/","title":{"rendered":"Mort d&rsquo;un homme de 28 ans, fauch\u00e9 par une voiture pr\u00e8s de Rennes"},"content":{"rendered":"<p>Un accident s\u2019est produit ce samedi vers 4\u00a0h\u00a010, sur la D 177, la deux fois deux voies, dans le sens Redon &#8211; Rennes, sur la commune de Bruz pr\u00e8s de Rennes. La victime, un homme \u00e2g\u00e9 de 28 ans, avait entrepris de traverser \u00e0 pied les voies de circulation, \u00e0 la hauteur de l\u2019\u00e9changeur de Ker Lann au moment o\u00f9 un v\u00e9hicule arrivait. Le pi\u00e9ton est d\u00e9c\u00e9d\u00e9 dans le choc.<\/p>\n<p>Au total, 16 pompiers et une \u00e9quipe du Samu ont \u00e9t\u00e9 d\u00e9p\u00each\u00e9s sur place. Les secours ont pris en charge un homme de 27 ans qui accompagnait la victime. Indemne, mais tr\u00e8s choqu\u00e9, il a \u00e9t\u00e9 transport\u00e9 au CHR Pontchaillou de Rennes.<\/p>\n<p>Les deux personnes qui se trouvaient \u00e0 bord du v\u00e9hicule impliqu\u00e9 dans l\u2019accident n\u2019ont pas \u00e9t\u00e9 bless\u00e9es. Une enqu\u00eate de gendarmerie a \u00e9t\u00e9 ouverte sur ces faits.<\/p>\n","protected":false},"excerpt":{"rendered":"Un accident s\u2019est produit ce samedi vers 4\u00a0h\u00a010, sur la D 177, la deux fois deux voies, dans&hellip;\n","protected":false},"author":2,"featured_media":524587,"comment_status":"","ping_status":"","sticky":false,"template":"","format":"standard","meta":{"footnotes":""},"categories":[2821],"tags":[1111,11,829,765,1777,674,118,1011,27,848,12,584,25],"class_list":{"0":"post-524586","1":"post","2":"type-post","3":"status-publish","4":"format-standard","5":"has-post-thumbnail","7":"category-rennes","8":"tag-actu","9":"tag-actualites","10":"tag-bretagne","11":"tag-en-continu","12":"tag-eu","13":"tag-europe","14":"tag-faits-divers","15":"tag-fr","16":"tag-france","17":"tag-ille-et-vilaine","18":"tag-news","19":"tag-rennes","20":"tag-republique-francaise"},"share_on_mastodon":{"url":"https:\/\/pubeurope.com\/@fr\/115524662933364555","error":""},"_links":{"self":[{"href":"https:\/\/www.europesays.com\/fr\/wp-json\/wp\/v2\/posts\/524586","targetHints":{"allow":["GET"]}}],"collection":[{"href":"https:\/\/www.europesays.com\/fr\/wp-json\/wp\/v2\/posts"}],"about":[{"href":"https:\/\/www.europesays.com\/fr\/wp-json\/wp\/v2\/types\/post"}],"author":[{"embeddable":true,"href":"https:\/\/www.europesays.com\/fr\/wp-json\/wp\/v2\/users\/2"}],"replies":[{"embeddable":true,"href":"https:\/\/www.europesays.com\/fr\/wp-json\/wp\/v2\/comments?post=524586"}],"version-history":[{"count":0,"href":"https:\/\/www.europesays.com\/fr\/wp-json\/wp\/v2\/posts\/524586\/revisions"}],"wp:featuredmedia":[{"embeddable":true,"href":"https:\/\/www.europesays.com\/fr\/wp-json\/wp\/v2\/media\/524587"}],"wp:attachment":[{"href":"https:\/\/www.europesays.com\/fr\/wp-json\/wp\/v2\/media?parent=524586"}],"wp:term":[{"taxonomy":"category","embeddable":true,"href":"https:\/\/www.europesays.com\/fr\/wp-json\/wp\/v2\/categories?post=524586"},{"taxonomy":"post_tag","embeddable":true,"href":"https:\/\/www.europesays.com\/fr\/wp-json\/wp\/v2\/tags?post=524586"}],"curies":[{"name":"wp","href":"https:\/\/api.w.org\/{rel}","templated":true}]}}