{"id":524593,"date":"2025-11-10T09:23:16","date_gmt":"2025-11-10T09:23:16","guid":{"rendered":"https:\/\/www.europesays.com\/fr\/524593\/"},"modified":"2025-11-10T09:23:16","modified_gmt":"2025-11-10T09:23:16","slug":"pres-de-nice-la-circulation-des-trains-interrompue-dans-les-deux-sens-ce-lundi-voici-pourquoi","status":"publish","type":"post","link":"https:\/\/www.europesays.com\/fr\/524593\/","title":{"rendered":"Pr\u00e8s de Nice. La circulation des trains interrompue dans les deux sens ce lundi, voici pourquoi"},"content":{"rendered":"<p>            Par<br \/>\n        <strong><br \/>\n            <a href=\"https:\/\/actu.fr\/auteur\/arthur-frand\" title=\"Consulter tous les articles de Arthur Frand\" target=\"_blank\" rel=\"noopener\">Arthur Frand<\/a><br \/>\n        <\/strong><\/p>\n<p>        Publi\u00e9 le<\/p>\n<p>            10 nov. 2025 \u00e0 9h54<br \/>\n        ; mis \u00e0 jour le 10 nov. 2025 \u00e0 9h59    <\/p>\n<p>D\u00e9but de semaine<strong> compliqu\u00e9e<\/strong> pour les usagers du train sur la C\u00f4te d\u2019Azur. Ce lundi 10 novembre au matin, la circulation des TGV et TER est tr\u00e8s perturb\u00e9e dans les <a href=\"https:\/\/actu.fr\/provence-alpes-cote-d-azur\/alpes-maritimes_06\" target=\"_blank\" rel=\"noopener\">Alpes-Maritimes<\/a>.<\/p>\n<p>    <a href=\"https:\/\/www.google.com\/maps\/embed?pb=!1m18!1m12!1m3!1d5782.652583028775!2d6.969477177340069!3d43.558083671106715!2m3!1f0!2f0!3f0!3m2!1i1024!2i768!4f13.1!3m3!1m2!1s0x12ce825d754b7b97%3A0x9af7ad9c976ca001!2sLa%20Fray%C3%A8re!5e0!3m2!1sfr!2sfr!4v1762765798515!5m2!1sfr!2sfr\" title=\"Ouvrie le lien\" target=\"_blank\" rel=\"noopener\">Cliquez ici pour visualiser le contenu<\/a><\/p>\n<p class=\" wall-content\">La raison\u2009? Une <strong>panne<\/strong> survenue \u00e0 un passage \u00e0 niveau \u00e0 La Fray\u00e8re, \u00e0 Cannes, perturbe le trafic ferroviaire entre Cannes et Grasse, pr\u00e8s de <a href=\"https:\/\/actu.fr\/nice\/\" target=\"_blank\" rel=\"noopener\">Nice<\/a>.<\/p>\n<p>Retards et suppressions \u00e0 pr\u00e9voir<\/p>\n<p class=\" wall-content\">La circulation des trains est <strong>perturb\u00e9e dans les deux sens<\/strong>, pr\u00e9cise le transporteur Zou. \u00ab\u00a0En fonction de l\u2019importance de la panne et du d\u00e9lais d\u2019intervention des \u00e9quipes, le temps d\u2019interruption du trafic peut varier d\u20191 \u00e0 2 h\u00a0\u00bb, d\u00e9taille le transporteur.\u00a0<\/p>\n<p class=\" wall-content\">\n<p class=\" wall-content\">Des retards et suppressions de trains <strong>sont \u00e0 pr\u00e9voir<\/strong> en ce lundi matin. Une heure de reprise de la circulation est en cours d\u2019estimation. Le trafic reprendra ensuite \u00e0 vitesse r\u00e9duite comme le veut la proc\u00e9dure dans ce cas.<\/p>\n<p class=\" wall-content\">Personnalisez votre actualit\u00e9 en ajoutant vos villes et m\u00e9dias en favori avec <a href=\"https:\/\/moncompte.actu.fr\" title=\"D\u00e9couvez Mon Actu\" rel=\"nofollow noopener\" data-trk=\"{&quot;cta&quot;:{&quot;action&quot;:&quot;https:\\\/\\\/moncompte.actu.fr&quot;,&quot;category&quot;:&quot;mon compte&quot;,&quot;from&quot;:&quot;article footer&quot;,&quot;name&quot;:&quot;Mon actu&quot;,&quot;type&quot;:&quot;cta&quot;}}\" target=\"_blank\">Mon Actu<\/a>.<\/p>\n","protected":false},"excerpt":{"rendered":"Par Arthur Frand Publi\u00e9 le 10 nov. 2025 \u00e0 9h54 ; mis \u00e0 jour le 10 nov. 2025&hellip;\n","protected":false},"author":2,"featured_media":524594,"comment_status":"","ping_status":"","sticky":false,"template":"","format":"standard","meta":{"footnotes":""},"categories":[2819],"tags":[1111,11,3542,1777,674,1011,27,12,2401,882,25,2215,104],"class_list":{"0":"post-524593","1":"post","2":"type-post","3":"status-publish","4":"format-standard","5":"has-post-thumbnail","7":"category-nice","8":"tag-actu","9":"tag-actualites","10":"tag-circulation","11":"tag-eu","12":"tag-europe","13":"tag-fr","14":"tag-france","15":"tag-news","16":"tag-nice","17":"tag-provence-alpes-cote-dazur","18":"tag-republique-francaise","19":"tag-sncf","20":"tag-societe"},"share_on_mastodon":{"url":"https:\/\/pubeurope.com\/@fr\/115524678837576114","error":""},"_links":{"self":[{"href":"https:\/\/www.europesays.com\/fr\/wp-json\/wp\/v2\/posts\/524593","targetHints":{"allow":["GET"]}}],"collection":[{"href":"https:\/\/www.europesays.com\/fr\/wp-json\/wp\/v2\/posts"}],"about":[{"href":"https:\/\/www.europesays.com\/fr\/wp-json\/wp\/v2\/types\/post"}],"author":[{"embeddable":true,"href":"https:\/\/www.europesays.com\/fr\/wp-json\/wp\/v2\/users\/2"}],"replies":[{"embeddable":true,"href":"https:\/\/www.europesays.com\/fr\/wp-json\/wp\/v2\/comments?post=524593"}],"version-history":[{"count":0,"href":"https:\/\/www.europesays.com\/fr\/wp-json\/wp\/v2\/posts\/524593\/revisions"}],"wp:featuredmedia":[{"embeddable":true,"href":"https:\/\/www.europesays.com\/fr\/wp-json\/wp\/v2\/media\/524594"}],"wp:attachment":[{"href":"https:\/\/www.europesays.com\/fr\/wp-json\/wp\/v2\/media?parent=524593"}],"wp:term":[{"taxonomy":"category","embeddable":true,"href":"https:\/\/www.europesays.com\/fr\/wp-json\/wp\/v2\/categories?post=524593"},{"taxonomy":"post_tag","embeddable":true,"href":"https:\/\/www.europesays.com\/fr\/wp-json\/wp\/v2\/tags?post=524593"}],"curies":[{"name":"wp","href":"https:\/\/api.w.org\/{rel}","templated":true}]}}