{"id":524595,"date":"2025-11-10T09:24:14","date_gmt":"2025-11-10T09:24:14","guid":{"rendered":"https:\/\/www.europesays.com\/fr\/524595\/"},"modified":"2025-11-10T09:24:14","modified_gmt":"2025-11-10T09:24:14","slug":"pres-de-nantes-cette-tapissiere-decoratrice-recoit-un-titre-prestigieux-chez-les-artisans-dart","status":"publish","type":"post","link":"https:\/\/www.europesays.com\/fr\/524595\/","title":{"rendered":"Pr\u00e8s de Nantes, cette tapissi\u00e8re-d\u00e9coratrice re\u00e7oit un titre prestigieux chez les artisans d&rsquo;art"},"content":{"rendered":"<p>            Par<br \/>\n        <strong><br \/>\n            <a href=\"https:\/\/actu.fr\/auteur\/journaliste-sm\" title=\"Consulter tous les articles de R\u00e9daction Clisson\" target=\"_blank\" rel=\"noopener\">R\u00e9daction Clisson<\/a><br \/>\n        <\/strong><\/p>\n<p>        Publi\u00e9 le<\/p>\n<p>            10 nov. 2025 \u00e0 10h16        <\/p>\n<p>Tout sourire,<b> l\u2019ancienne experte en assurance<\/b>, reconvertie en<b> tapissi\u00e8re-d\u00e9coratrice<\/b> depuis 2022. Tout d\u2019abord parce qu\u2019elle est d\u00e9sormais bien install\u00e9e dans ses locaux <a href=\"https:\/\/www.google.com\/maps\/place\/Bd+de+l&#039;Europe,+44120+Vertou\/@47.1722644,-1.472847,641m\/data=!3m2!1e3!4b1!4m6!3m5!1s0x4805e62a46e55643:0x998c711347c7dc11!8m2!3d47.1722608!4d-1.4702721!16s%2Fg%2F1tfj_74_?entry=ttu&amp;g_ep=EgoyMDI1MTEwNC4xIKXMDSoASAFQAw%3D%3D\" target=\"_blank\" rel=\"noopener\">boulevard de l\u2019Europe,<\/a> \u00e0 <a href=\"https:\/\/actu.fr\/pays-de-la-loire\/vertou_44215\" target=\"_blank\" rel=\"noopener\"><b>Vertou<\/b><\/a>. \u00ab\u2009Pour gagner en confort, les propri\u00e9taires ont m\u00eame chang\u00e9 les ouvertures de la boutique cet \u00e9t\u00e9,\u2009\u00bb fait-elle savoir.<\/p>\n<p class=\" wall-content\">Apr\u00e8s 20\u00a0ans \u00e0 travailler comme <b>experte conseil en r\u00e8glement de sinistre-construction enjeux importants<\/b>, Maggy Th\u00e9baud a voulu<b> changer de voie<\/b>. En qu\u00eate inspiration professionnelle, elle s\u2019\u00e9tait rendue aux J<b>ourn\u00e9es europ\u00e9ennes du patrimoine<\/b> qui ont lieu chaque ann\u00e9e, en septembre. C\u2019est lors de cet \u00e9v\u00e9nement qu\u2019elle <b>rencontre un tapissier d\u00e9corateur <\/b>qui a \u00e9t\u00e9 le <b>premier d\u00e9clic pour se lancer dans le m\u00e9tier<\/b>.<\/p>\n<blockquote class=\"ac-article-quote wall-content\">\n<p>J\u2019avais envie de faire quelque chose avec mes mains\u2026 Et puis j\u2019ai grandi dans le Nord, o\u00f9 toute ma famille \u00e9tait dans le tissu. Mon enfance, je l\u2019ai pass\u00e9e \u00e0 courir entre les m\u00e9tiers \u00e0 tisser.<\/p>\n<\/blockquote>\n<p class=\" wall-content\">Cette m\u00e8re de deux enfants reconna\u00eet que <b>la reconversion a \u00e9t\u00e9 le chemin de toute une famille.<\/b> Pendant deux ans, Maggy Th\u00e9baud<b>\u00a0a travaill\u00e9 chez elle<\/b>.<\/p>\n<blockquote class=\"ac-article-quote wall-content\">\n<p>J\u2019ai d\u00fb d\u00e9m\u00e9nager car je n\u2019avais plus assez de place. J\u2019avais besoin d\u2019un local \u00e0 moi.<\/p>\n<\/blockquote>\n<p>Vid\u00e9os : en ce moment sur Actu<\/p>\n<p class=\" wall-content\">Son showroom, elle a mis un an \u00e0 le trouver. Mais les retours sur son travail sont bons. Elle pers\u00e9v\u00e8re.<\/p>\n<blockquote class=\"ac-article-quote wall-content\">\n<p>Je croise les doigts, c\u2019est un march\u00e9 de niche, mais \u00e7a marche bien. Les clients viennent, en parlent autour d\u2019eux et reviennent m\u00eame pour certains. \u00c7a donne confiance.<\/p>\n<\/blockquote>\n<p>Votre r\u00e9gion, votre actu !<\/p>\n<p>Recevez chaque jour les infos qui comptent pour vous.<\/p>\n<p>\t<a href=\"https:\/\/actu.fr\/newsletter\" class=\"ac-btn ac-btn--corner ac-btn--medium ac-btn--blue800\" target=\"_blank\" rel=\"noopener\">S&rsquo;incrire<\/a><\/p>\n<p class=\" wall-content\">L\u2019artisane vertavienne a fait de<b> la restauration de fauteuils son c\u0153ur de m\u00e9tie<\/b>r. Mais elle <b>r\u00e9nove \u00e9galement des abat-jour et des coussins<\/b>.<\/p>\n<blockquote class=\"ac-article-quote wall-content\">\n<p>En g\u00e9n\u00e9ral, les clients am\u00e8nent leurs biens \u00e0 la boutique pour faire estimer le prix de la restauration. Ce sont souvent des objets qui ont plus une valeur sentimentale que financi\u00e8re. Ils ont la plupart du temps appartenu \u00e0 quelqu\u2019un de la famille.<\/p>\n<\/blockquote>\n<p>    <img   decoding=\"async\" loading=\"lazy\" class=\"size-large\" src=\"https:\/\/www.europesays.com\/fr\/wp-content\/uploads\/2025\/11\/a27c72881df86b67c72881df8aa7c7v-960x640.jpg\" alt=\"Le titre officiel d'artisan d'aart\" width=\"960\" height=\"640\"\/><br \/>\n    Maggy Th\u00e9baud dans son showroom avec le titre d\u2019artisan d\u2019art en main. \u00a9Hebdo de S\u00e8vre et MaineCollaboration locale<\/p>\n<p class=\" wall-content\">Apr\u00e8s restauration,<b> les objets peuvent commencer une deuxi\u00e8me vie<\/b>.<\/p>\n<blockquote class=\"ac-article-quote wall-content\">\n<p>Beaucoup de mes clients les r\u00e9novent \u00e9galement dans un but de transmission \u00e0 leurs propres enfants ou famille.<\/p>\n<\/blockquote>\n<p class=\" wall-content\">En amenant des photos de leurs int\u00e9rieurs, <b>les clients se fient aux conseils de Maggy Th\u00e9baud<\/b> dans le choix des tissus et des motifs. Elle essaye de<b> collaborer le plus possible avec des \u00e9diteurs de tissus fran\u00e7ais,<\/b> et parfois m\u00eame locaux.<\/p>\n<blockquote class=\"ac-article-quote wall-content\">\n<p>J\u2019ai une \u00e9ditrice de tissus en Bretagne notamment, avec qui je travaille beaucoup.<\/p>\n<\/blockquote>\n<p class=\" wall-content\">Remis \u00e0 un artisan dipl\u00f4m\u00e9 d\u2019un brevet de ma\u00eetrise qui pratique depuis plus de deux ans une activit\u00e9 de la<a href=\"https:\/\/www.legifrance.gouv.fr\/loda\/id\/JORFTEXT000031941949\/\" target=\"_blank\" rel=\"noopener\"> liste des m\u00e9tiers d\u2019art annex\u00e9e \u00e0 l\u2019arr\u00eat\u00e9 du 24\u00a0d\u00e9cembre 2015<\/a>,<b> le titre d\u2019artisan d\u2019art valorise la reconnaissance d\u2019un savoir-faire professionnel. <\/b>En dehors de la restauration avec ses propres mains, l\u2019artisane propose aussi r\u00e9guli\u00e8rement <b>des ateliers de restauration en groupe<\/b>.<\/p>\n<blockquote class=\"ac-article-quote wall-content\">\n<p>\u00c0 partir du moment o\u00f9 j\u2019ai 4\u00a0personnes d\u2019int\u00e9ress\u00e9es qui me contactent, j\u2019ouvre un atelier de r\u00e9novation collectif de fauteuils ou d\u2019abat-jour.<\/p>\n<\/blockquote>\n<p class=\" wall-content\">Situ\u00e9e boulevard de l\u2019Europe,<b> la boutique poss\u00e8de un emplacement strat\u00e9gique.<\/b><\/p>\n<blockquote class=\"ac-article-quote wall-content\">\n<p>R\u00e9guli\u00e8rement j\u2019ai des clients qui rentrent et qui me disent que \u00e7a fait des ann\u00e9es qu\u2019ils ont un fauteuil \u00e0 r\u00e9nover et qu\u2019en passant devant le magasin ils y ont repens\u00e9.<\/p>\n<\/blockquote>\n<p class=\" wall-content\">Elle avoue exercer \u00ab\u2009un <b>m\u00e9tier passion<\/b>\u2009\u00bb, \u00ab\u2009un m\u00e9tier avec le c\u0153ur\u2009\u00bb. Les<b> sourires des clients sont sa plus belle r\u00e9compense.<\/b><\/p>\n<p>Les Fauteuils de Maggy, tapissi\u00e8re d\u00e9coratrice, 112 Boulevard de l\u2019Europe. Contact\u2009: 06\u200916\u200981\u200944\u200922. Renseignements sur https:\/\/www.lesfauteuilsdemaggy.fr\/<\/p>\n<p class=\" wall-content\">Personnalisez votre actualit\u00e9 en ajoutant vos villes et m\u00e9dias en favori avec <a href=\"https:\/\/moncompte.actu.fr\" title=\"D\u00e9couvez Mon Actu\" rel=\"nofollow noopener\" data-trk=\"{&quot;cta&quot;:{&quot;action&quot;:&quot;https:\\\/\\\/moncompte.actu.fr&quot;,&quot;category&quot;:&quot;mon compte&quot;,&quot;from&quot;:&quot;article footer&quot;,&quot;name&quot;:&quot;Mon actu&quot;,&quot;type&quot;:&quot;cta&quot;}}\" target=\"_blank\">Mon Actu<\/a>.<\/p>\n","protected":false},"excerpt":{"rendered":"Par R\u00e9daction Clisson Publi\u00e9 le 10 nov. 2025 \u00e0 10h16 Tout sourire, l\u2019ancienne experte en assurance, reconvertie en&hellip;\n","protected":false},"author":2,"featured_media":524596,"comment_status":"","ping_status":"","sticky":false,"template":"","format":"standard","meta":{"footnotes":""},"categories":[2818],"tags":[1111,11,1477,1777,674,1011,27,766,12,2636,25,104,2900],"class_list":{"0":"post-524595","1":"post","2":"type-post","3":"status-publish","4":"format-standard","5":"has-post-thumbnail","7":"category-nantes","8":"tag-actu","9":"tag-actualites","10":"tag-artisanat","11":"tag-eu","12":"tag-europe","13":"tag-fr","14":"tag-france","15":"tag-nantes","16":"tag-news","17":"tag-pays-de-la-loire","18":"tag-republique-francaise","19":"tag-societe","20":"tag-vignoble-nantais"},"share_on_mastodon":{"url":"https:\/\/pubeurope.com\/@fr\/115524683343387613","error":""},"_links":{"self":[{"href":"https:\/\/www.europesays.com\/fr\/wp-json\/wp\/v2\/posts\/524595","targetHints":{"allow":["GET"]}}],"collection":[{"href":"https:\/\/www.europesays.com\/fr\/wp-json\/wp\/v2\/posts"}],"about":[{"href":"https:\/\/www.europesays.com\/fr\/wp-json\/wp\/v2\/types\/post"}],"author":[{"embeddable":true,"href":"https:\/\/www.europesays.com\/fr\/wp-json\/wp\/v2\/users\/2"}],"replies":[{"embeddable":true,"href":"https:\/\/www.europesays.com\/fr\/wp-json\/wp\/v2\/comments?post=524595"}],"version-history":[{"count":0,"href":"https:\/\/www.europesays.com\/fr\/wp-json\/wp\/v2\/posts\/524595\/revisions"}],"wp:featuredmedia":[{"embeddable":true,"href":"https:\/\/www.europesays.com\/fr\/wp-json\/wp\/v2\/media\/524596"}],"wp:attachment":[{"href":"https:\/\/www.europesays.com\/fr\/wp-json\/wp\/v2\/media?parent=524595"}],"wp:term":[{"taxonomy":"category","embeddable":true,"href":"https:\/\/www.europesays.com\/fr\/wp-json\/wp\/v2\/categories?post=524595"},{"taxonomy":"post_tag","embeddable":true,"href":"https:\/\/www.europesays.com\/fr\/wp-json\/wp\/v2\/tags?post=524595"}],"curies":[{"name":"wp","href":"https:\/\/api.w.org\/{rel}","templated":true}]}}