{"id":524611,"date":"2025-11-10T09:32:11","date_gmt":"2025-11-10T09:32:11","guid":{"rendered":"https:\/\/www.europesays.com\/fr\/524611\/"},"modified":"2025-11-10T09:32:11","modified_gmt":"2025-11-10T09:32:11","slug":"le-salon-du-handicap-et-du-grand-age-a-marseille","status":"publish","type":"post","link":"https:\/\/www.europesays.com\/fr\/524611\/","title":{"rendered":"Le salon du handicap et du Grand \u00c2ge \u00e0 Marseille"},"content":{"rendered":"<p>Le salon Autonomic M\u00e9diterran\u00e9e revient \u00e0 Marseille au Parc Chanot les mercredi 19 &amp; jeudi 20 novembre 2025.\u00a0C&rsquo;est le rendez-vous incontournable en r\u00e9gion PACA pour tous les acteurs du\u00a0<strong>handicap et du grand \u00e2ge<\/strong>.<\/p>\n<p>La technologie au service de l&rsquo;autonomie.<\/p>\n<p><strong>Entr\u00e9e gratuite pour tous les visiteurs.\u00a0<\/strong><\/p>\n<p><strong>Un lieu unique<\/strong>\u00a0pour une personne en perte d&rsquo;autonomie, un proche, un aidant, un professionnel pour\u00a0<strong>trouver aupr\u00e8s de plus d&rsquo;une centaine d&rsquo;exposants, les innovations, services et \u00e9quipements<\/strong>\u00a0qui facilitent la vie au quotidien quel que soit le type de handicap et quel que soit l&rsquo;\u00e2ge.<\/p>\n<p><strong>D\u00e9couvrir, tester et s&rsquo;informer :<\/strong><\/p>\n<ul>&#13;<\/p>\n<li>Mat\u00e9riels et aides techniques<\/li>\n<p>&#13;<\/p>\n<li>V\u00e9hicules et transports adapt\u00e9s<\/li>\n<p>&#13;<\/p>\n<li>Am\u00e9nagement de l&rsquo;habitat<\/li>\n<p>&#13;<\/p>\n<li>D\u00e9ficiences sensorielles<\/li>\n<p>&#13;<\/p>\n<li>Associations<\/li>\n<p>&#13;<\/p>\n<li>Sport, loisirs, tourisme et culture<\/li>\n<p>&#13;\n<\/ul>\n<p><strong>Ouvert au Grand public et aux Professionnels.<\/strong><\/p>\n<p>Un salon accessible\u00a0<strong\/><\/p>\n<p>Parking PMR gratuit<\/p>\n<p>Pr\u00eat gratuit de fauteuil \u00e0 l&rsquo;accueil du salon + SAV de fauteuil gratuit<\/p>\n<p>Documentation en braille \u00e0 l&rsquo;accueil pour les non-voyants<\/p>\n<p>Espace conf\u00e9rence accessible \u00e9quip\u00e9 de boucle magn\u00e9tique et transcription simultan\u00e9e de la parole sur \u00e9cran<\/p>\n<p>Toilettes PMR, salle de soins<\/p>\n<p>Pour plus d&rsquo;informations\u00a0<a href=\"https:\/\/marseille.autonomic-expo.com\/\" target=\"_blank\" rel=\"noopener\">https:\/\/marseille.autonomic-expo.com\/<\/a><\/p>\n","protected":false},"excerpt":{"rendered":"Le salon Autonomic M\u00e9diterran\u00e9e revient \u00e0 Marseille au Parc Chanot les mercredi 19 &amp; jeudi 20 novembre 2025.\u00a0C&rsquo;est&hellip;\n","protected":false},"author":2,"featured_media":524612,"comment_status":"","ping_status":"","sticky":false,"template":"","format":"standard","meta":{"footnotes":""},"categories":[2814],"tags":[17,1111,11,317,1777,674,1011,27,2515,1943,884,12,882,25,6290,71],"class_list":{"0":"post-524611","1":"post","2":"type-post","3":"status-publish","4":"format-standard","5":"has-post-thumbnail","7":"category-marseille","8":"tag-17","9":"tag-actu","10":"tag-actualites","11":"tag-age","12":"tag-eu","13":"tag-europe","14":"tag-fr","15":"tag-france","16":"tag-grand","17":"tag-handicap","18":"tag-marseille","19":"tag-news","20":"tag-provence-alpes-cote-dazur","21":"tag-republique-francaise","22":"tag-salon","23":"tag-sante"},"share_on_mastodon":{"url":"https:\/\/pubeurope.com\/@fr\/115524714195347529","error":""},"_links":{"self":[{"href":"https:\/\/www.europesays.com\/fr\/wp-json\/wp\/v2\/posts\/524611","targetHints":{"allow":["GET"]}}],"collection":[{"href":"https:\/\/www.europesays.com\/fr\/wp-json\/wp\/v2\/posts"}],"about":[{"href":"https:\/\/www.europesays.com\/fr\/wp-json\/wp\/v2\/types\/post"}],"author":[{"embeddable":true,"href":"https:\/\/www.europesays.com\/fr\/wp-json\/wp\/v2\/users\/2"}],"replies":[{"embeddable":true,"href":"https:\/\/www.europesays.com\/fr\/wp-json\/wp\/v2\/comments?post=524611"}],"version-history":[{"count":0,"href":"https:\/\/www.europesays.com\/fr\/wp-json\/wp\/v2\/posts\/524611\/revisions"}],"wp:featuredmedia":[{"embeddable":true,"href":"https:\/\/www.europesays.com\/fr\/wp-json\/wp\/v2\/media\/524612"}],"wp:attachment":[{"href":"https:\/\/www.europesays.com\/fr\/wp-json\/wp\/v2\/media?parent=524611"}],"wp:term":[{"taxonomy":"category","embeddable":true,"href":"https:\/\/www.europesays.com\/fr\/wp-json\/wp\/v2\/categories?post=524611"},{"taxonomy":"post_tag","embeddable":true,"href":"https:\/\/www.europesays.com\/fr\/wp-json\/wp\/v2\/tags?post=524611"}],"curies":[{"name":"wp","href":"https:\/\/api.w.org\/{rel}","templated":true}]}}