{"id":524613,"date":"2025-11-10T09:33:07","date_gmt":"2025-11-10T09:33:07","guid":{"rendered":"https:\/\/www.europesays.com\/fr\/524613\/"},"modified":"2025-11-10T09:33:07","modified_gmt":"2025-11-10T09:33:07","slug":"le-portier-dun-bar-tue-au-couteau-par-un-client-a-qui-il-refusait-lentree","status":"publish","type":"post","link":"https:\/\/www.europesays.com\/fr\/524613\/","title":{"rendered":"le portier d\u2019un bar tu\u00e9 au couteau par un client \u00e0 qui il refusait l&rsquo;entr\u00e9e"},"content":{"rendered":"<p>\n    La victime a \u00e9t\u00e9 agress\u00e9e dans la nuit de samedi \u00e0 dimanche. Le suspect a \u00e9t\u00e9 interpell\u00e9 et plac\u00e9 en garde \u00e0 vue.<\/p>\n<p class=\"fig-paragraph\">Le portier d&rsquo;un \u00e9tablissement de nuit du\u00a0<a href=\"http:\/\/www.lefigaro.fr\/marseille\/marseille-un-cadavre-repeche-par-les-marins-pompiers-dans-le-vieux-port-20251017\" data-fig-type=\"NewsFlash\" data-gtm-custom-categorie=\"navigation\" data-gtm-custom-action=\"crossclick\" data-gtm-custom-label=\"Contextuel\" data-gtm-event=\"customEventSPE\" data-fig-domain=\"LEFIGARO\" target=\"_blank\" rel=\"noopener\">Vieux-Port de Marseille<\/a>\u00a0est mort des suites d&rsquo;un coup de couteau ass\u00e9n\u00e9 par un client \u00e0 qui il avait refus\u00e9 l&rsquo;entr\u00e9e, a-t-on appris dimanche de sources concordantes.<\/p>\n<p class=\"fig-paragraph\">Les faits se sont produits vers une heure du matin dans la nuit de samedi \u00e0 dimanche, selon une source polici\u00e8re, confirmant une information de La Provence. Un homme a port\u00e9 un coup de couteau au thorax du portier, devant un pub irlandais du Vieux-Port de Marseille, selon une source proche de l&rsquo;enqu\u00eate.<\/p>\n<p>                                    <a class=\"fig-a11y-skip a11y-hidden\" href=\"#fig-a11y-skip-main-inarticle\"><br \/>\n        Passer la publicit\u00e9<br \/>\n    <\/a><\/p>\n<p>Le suspect interpell\u00e9<\/p>\n<p class=\"fig-paragraph\">La victime, \u00e2g\u00e9e de 48 ans, n&rsquo;a pas pu \u00eatre ranim\u00e9e malgr\u00e9 l&rsquo;intervention des secours, et est d\u00e9c\u00e9d\u00e9e sur place, selon la police. Le suspect, 43 ans et connu des services de police, a \u00e9t\u00e9 pris \u00e0 partie par des clients du bar, selon la m\u00eame source, et interpell\u00e9. Il a \u00e9t\u00e9 plac\u00e9 en garde \u00e0 vue. La division de la criminalit\u00e9 territoriale (DCT) a \u00e9t\u00e9 saisie.<\/p>\n","protected":false},"excerpt":{"rendered":"La victime a \u00e9t\u00e9 agress\u00e9e dans la nuit de samedi \u00e0 dimanche. Le suspect a \u00e9t\u00e9 interpell\u00e9 et&hellip;\n","protected":false},"author":2,"featured_media":524614,"comment_status":"","ping_status":"","sticky":false,"template":"","format":"standard","meta":{"footnotes":""},"categories":[2814],"tags":[1111,11,7623,1777,674,1011,27,884,777,12,882,25],"class_list":{"0":"post-524613","1":"post","2":"type-post","3":"status-publish","4":"format-standard","5":"has-post-thumbnail","7":"category-marseille","8":"tag-actu","9":"tag-actualites","10":"tag-coup-de-couteau","11":"tag-eu","12":"tag-europe","13":"tag-fr","14":"tag-france","15":"tag-marseille","16":"tag-meurtre","17":"tag-news","18":"tag-provence-alpes-cote-dazur","19":"tag-republique-francaise"},"share_on_mastodon":{"url":"https:\/\/pubeurope.com\/@fr\/115524718097361826","error":""},"_links":{"self":[{"href":"https:\/\/www.europesays.com\/fr\/wp-json\/wp\/v2\/posts\/524613","targetHints":{"allow":["GET"]}}],"collection":[{"href":"https:\/\/www.europesays.com\/fr\/wp-json\/wp\/v2\/posts"}],"about":[{"href":"https:\/\/www.europesays.com\/fr\/wp-json\/wp\/v2\/types\/post"}],"author":[{"embeddable":true,"href":"https:\/\/www.europesays.com\/fr\/wp-json\/wp\/v2\/users\/2"}],"replies":[{"embeddable":true,"href":"https:\/\/www.europesays.com\/fr\/wp-json\/wp\/v2\/comments?post=524613"}],"version-history":[{"count":0,"href":"https:\/\/www.europesays.com\/fr\/wp-json\/wp\/v2\/posts\/524613\/revisions"}],"wp:featuredmedia":[{"embeddable":true,"href":"https:\/\/www.europesays.com\/fr\/wp-json\/wp\/v2\/media\/524614"}],"wp:attachment":[{"href":"https:\/\/www.europesays.com\/fr\/wp-json\/wp\/v2\/media?parent=524613"}],"wp:term":[{"taxonomy":"category","embeddable":true,"href":"https:\/\/www.europesays.com\/fr\/wp-json\/wp\/v2\/categories?post=524613"},{"taxonomy":"post_tag","embeddable":true,"href":"https:\/\/www.europesays.com\/fr\/wp-json\/wp\/v2\/tags?post=524613"}],"curies":[{"name":"wp","href":"https:\/\/api.w.org\/{rel}","templated":true}]}}