{"id":524615,"date":"2025-11-10T09:34:16","date_gmt":"2025-11-10T09:34:16","guid":{"rendered":"https:\/\/www.europesays.com\/fr\/524615\/"},"modified":"2025-11-10T09:34:16","modified_gmt":"2025-11-10T09:34:16","slug":"un-violent-choc-entre-un-tramway-et-un-automobiliste","status":"publish","type":"post","link":"https:\/\/www.europesays.com\/fr\/524615\/","title":{"rendered":"un violent choc entre un tramway et un automobiliste"},"content":{"rendered":"<p itemprop=\"description\"><strong>Ce lundi matin, la semaine a tr\u00e8s mal commenc\u00e9 pour cet automobiliste, ce chauffeur de tramway et ses passagers.<\/strong><\/p>\n<p>Vers 9h du matin, un v\u00e9hicule a percut\u00e9 le T1 sur le cours Charlemagne. Alors qu&rsquo;il patientait au feu rouge, l&rsquo;automobiliste a d\u00e9cid\u00e9 de couper les voies pour gagner du temps. Sauf qu&rsquo;un tramway \u00e9tait d\u00e9j\u00e0 engag\u00e9 en direction de la Confluence, et il n&rsquo;a pas vu qu&rsquo;un T1 arrivait dans l&rsquo;autre sens.<\/p>\n<p>Le choc a \u00e9t\u00e9 violent mais n&rsquo;a pas fait de bless\u00e9. Choqu\u00e9, le conducteur du tramway ne finira pas sa journ\u00e9e.<\/p>\n<p>Quant \u00e0 la rame, elle devrait pouvoir rentrer au d\u00e9p\u00f4t sans l&rsquo;appui d&rsquo;un remorqueur.<\/p>\n<p>Le trafic de la ligne est fortement perturb\u00e9 ce lundi matin. La ligne circule de Debourg \u00e0 Halle Tony Garnier puis de H\u00f4tel R\u00e9gion Montrochet \u00e0 IUT Feyssine.<\/p>\n<p>La station Mus\u00e9e des Confluences n&rsquo;est plus desservie. La reprise de la circulation est estim\u00e9e \u00e0 11h.<\/p>\n","protected":false},"excerpt":{"rendered":"Ce lundi matin, la semaine a tr\u00e8s mal commenc\u00e9 pour cet automobiliste, ce chauffeur de tramway et ses&hellip;\n","protected":false},"author":2,"featured_media":524616,"comment_status":"","ping_status":"","sticky":false,"template":"","format":"standard","meta":{"footnotes":""},"categories":[1889],"tags":[1111,11,2813,2190,2430,1109,251,1112,2811,1777,674,118,1011,27,1922,1110,1114,2428,2810,12,241,316,25,2812,517,800],"class_list":{"0":"post-524615","1":"post","2":"type-post","3":"status-publish","4":"format-standard","5":"has-post-thumbnail","7":"category-lyon","8":"tag-actu","9":"tag-actualites","10":"tag-article","11":"tag-asvel","12":"tag-auvergne-rhone-alpes","13":"tag-breves","14":"tag-culture","15":"tag-depeches","16":"tag-economique","17":"tag-eu","18":"tag-europe","19":"tag-faits-divers","20":"tag-fr","21":"tag-france","22":"tag-info","23":"tag-informations","24":"tag-infos","25":"tag-lyon","26":"tag-lyonmag","27":"tag-news","28":"tag-ol","29":"tag-politique","30":"tag-republique-francaise","31":"tag-sociale","32":"tag-sport","33":"tag-transports"},"share_on_mastodon":{"url":"https:\/\/pubeurope.com\/@fr\/115524722118472793","error":""},"_links":{"self":[{"href":"https:\/\/www.europesays.com\/fr\/wp-json\/wp\/v2\/posts\/524615","targetHints":{"allow":["GET"]}}],"collection":[{"href":"https:\/\/www.europesays.com\/fr\/wp-json\/wp\/v2\/posts"}],"about":[{"href":"https:\/\/www.europesays.com\/fr\/wp-json\/wp\/v2\/types\/post"}],"author":[{"embeddable":true,"href":"https:\/\/www.europesays.com\/fr\/wp-json\/wp\/v2\/users\/2"}],"replies":[{"embeddable":true,"href":"https:\/\/www.europesays.com\/fr\/wp-json\/wp\/v2\/comments?post=524615"}],"version-history":[{"count":0,"href":"https:\/\/www.europesays.com\/fr\/wp-json\/wp\/v2\/posts\/524615\/revisions"}],"wp:featuredmedia":[{"embeddable":true,"href":"https:\/\/www.europesays.com\/fr\/wp-json\/wp\/v2\/media\/524616"}],"wp:attachment":[{"href":"https:\/\/www.europesays.com\/fr\/wp-json\/wp\/v2\/media?parent=524615"}],"wp:term":[{"taxonomy":"category","embeddable":true,"href":"https:\/\/www.europesays.com\/fr\/wp-json\/wp\/v2\/categories?post=524615"},{"taxonomy":"post_tag","embeddable":true,"href":"https:\/\/www.europesays.com\/fr\/wp-json\/wp\/v2\/tags?post=524615"}],"curies":[{"name":"wp","href":"https:\/\/api.w.org\/{rel}","templated":true}]}}