{"id":524617,"date":"2025-11-10T09:35:12","date_gmt":"2025-11-10T09:35:12","guid":{"rendered":"https:\/\/www.europesays.com\/fr\/524617\/"},"modified":"2025-11-10T09:35:12","modified_gmt":"2025-11-10T09:35:12","slug":"quatre-pietons-fauches-par-une-voiture-les-victimes-transportees-a-lhopital","status":"publish","type":"post","link":"https:\/\/www.europesays.com\/fr\/524617\/","title":{"rendered":"quatre pi\u00e9tons fauch\u00e9s par une voiture, les victimes transport\u00e9es \u00e0 l&rsquo;h\u00f4pital"},"content":{"rendered":"<p>            Par<br \/>\n        <strong><br \/>\n            <a href=\"https:\/\/actu.fr\/auteur\/nicolas-zaugra\" title=\"Consulter tous les articles de Nicolas Zaugra\" rel=\"nofollow noopener\" target=\"_blank\">Nicolas Zaugra<\/a><br \/>\n        <\/strong><\/p>\n<p>        Publi\u00e9 le<\/p>\n<p>            10 nov. 2025 \u00e0 10h23        <\/p>\n<p>Frayeur ce dimanche 9 novembre 2025 dans le 6e arrondissement de <a href=\"https:\/\/actu.fr\/auvergne-rhone-alpes\/lyon_69123\" rel=\"nofollow noopener\" target=\"_blank\">Lyon<\/a>. Quatre pi\u00e9tons ont \u00e9t\u00e9 fauch\u00e9s par un v\u00e9hicule en fin d\u2019apr\u00e8s-midi vers 17h rue Tronchet, \u00e0 proximit\u00e9 imm\u00e9diate du boulevard des Belges.<\/p>\n<p>Pi\u00e9tons en urgence relative<\/p>\n<p class=\" wall-content\">La voiture, une Citro\u00ebn, a percut\u00e9 de plein fouet les quatre passants devant plusieurs t\u00e9moins dans un secteur propice aux promenades dominicales \u00e0 quelques centaines de m\u00e8tres du parc de la T\u00eate d\u2019or.<\/p>\n<p class=\" wall-content\">Les quatre victimes ont \u00e9t\u00e9 bless\u00e9es et transport\u00e9es vers l\u2019h\u00f4pital en urgence relative, a appris actu Lyon ce lundi, confirmant une information du <a href=\"https:\/\/www.leprogres.fr\/faits-divers-justice\/2025\/11\/09\/quatre-passants-fauches-par-un-vehicule-dans-le-6-sup-e-sup-arrondissement-de-lyon\" rel=\"nofollow noopener\" target=\"_blank\">Progr\u00e8s<\/a>.<\/p>\n<p>    <a href=\"https:\/\/www.google.com\/maps\/embed?pb=!1m18!1m12!1m3!1d9384.953100620167!2d4.840100646758445!3d45.76945602417501!2m3!1f0!2f0!3f0!3m2!1i1024!2i768!4f13.1!3m3!1m2!1s0x47f4eaf31f6592d5%3A0x2daa01eb362562ec!2sRue%20Tronchet%2C%2069006%20Lyon!5e1!3m2!1sfr!2sfr!4v1762765778315!5m2!1sfr!2sfr\" title=\"Ouvrie le lien\" rel=\"nofollow noopener\" target=\"_blank\">Cliquez ici pour visualiser le contenu<\/a><\/p>\n<p>Le conducteur entendu<\/p>\n<p class=\" wall-content\">La police nationale a ouvert une enqu\u00eate et le conducteur a \u00e9t\u00e9 entendu par les policiers.\u00a0<\/p>\n<p class=\" wall-content\">A ce stade, on ignore les circonstances de l\u2019accident, si le conducteur a perdu le contr\u00f4le de son v\u00e9hicule.<\/p>\n<p class=\" wall-content\">Personnalisez votre actualit\u00e9 en ajoutant vos villes et m\u00e9dias en favori avec <a href=\"https:\/\/moncompte.actu.fr\" title=\"D\u00e9couvez Mon Actu\" rel=\"nofollow noopener\" data-trk=\"{&quot;cta&quot;:{&quot;action&quot;:&quot;https:\\\/\\\/moncompte.actu.fr&quot;,&quot;category&quot;:&quot;mon compte&quot;,&quot;from&quot;:&quot;article footer&quot;,&quot;name&quot;:&quot;Mon actu&quot;,&quot;type&quot;:&quot;cta&quot;}}\" target=\"_blank\">Mon Actu<\/a>.<\/p>\n","protected":false},"excerpt":{"rendered":"Par Nicolas Zaugra Publi\u00e9 le 10 nov. 2025 \u00e0 10h23 Frayeur ce dimanche 9 novembre 2025 dans le&hellip;\n","protected":false},"author":2,"featured_media":524618,"comment_status":"","ping_status":"","sticky":false,"template":"","format":"standard","meta":{"footnotes":""},"categories":[1889],"tags":[119,1111,11,2430,1777,674,118,1011,27,2428,12,1311,25],"class_list":{"0":"post-524617","1":"post","2":"type-post","3":"status-publish","4":"format-standard","5":"has-post-thumbnail","7":"category-lyon","8":"tag-accident","9":"tag-actu","10":"tag-actualites","11":"tag-auvergne-rhone-alpes","12":"tag-eu","13":"tag-europe","14":"tag-faits-divers","15":"tag-fr","16":"tag-france","17":"tag-lyon","18":"tag-news","19":"tag-pompiers","20":"tag-republique-francaise"},"share_on_mastodon":{"url":"https:\/\/pubeurope.com\/@fr\/115524725876325963","error":""},"_links":{"self":[{"href":"https:\/\/www.europesays.com\/fr\/wp-json\/wp\/v2\/posts\/524617","targetHints":{"allow":["GET"]}}],"collection":[{"href":"https:\/\/www.europesays.com\/fr\/wp-json\/wp\/v2\/posts"}],"about":[{"href":"https:\/\/www.europesays.com\/fr\/wp-json\/wp\/v2\/types\/post"}],"author":[{"embeddable":true,"href":"https:\/\/www.europesays.com\/fr\/wp-json\/wp\/v2\/users\/2"}],"replies":[{"embeddable":true,"href":"https:\/\/www.europesays.com\/fr\/wp-json\/wp\/v2\/comments?post=524617"}],"version-history":[{"count":0,"href":"https:\/\/www.europesays.com\/fr\/wp-json\/wp\/v2\/posts\/524617\/revisions"}],"wp:featuredmedia":[{"embeddable":true,"href":"https:\/\/www.europesays.com\/fr\/wp-json\/wp\/v2\/media\/524618"}],"wp:attachment":[{"href":"https:\/\/www.europesays.com\/fr\/wp-json\/wp\/v2\/media?parent=524617"}],"wp:term":[{"taxonomy":"category","embeddable":true,"href":"https:\/\/www.europesays.com\/fr\/wp-json\/wp\/v2\/categories?post=524617"},{"taxonomy":"post_tag","embeddable":true,"href":"https:\/\/www.europesays.com\/fr\/wp-json\/wp\/v2\/tags?post=524617"}],"curies":[{"name":"wp","href":"https:\/\/api.w.org\/{rel}","templated":true}]}}