{"id":524629,"date":"2025-11-10T09:42:32","date_gmt":"2025-11-10T09:42:32","guid":{"rendered":"https:\/\/www.europesays.com\/fr\/524629\/"},"modified":"2025-11-10T09:42:32","modified_gmt":"2025-11-10T09:42:32","slug":"la-russie-pourrait-ouvrir-un-nouveau-front-en-europe-previent-zelensky","status":"publish","type":"post","link":"https:\/\/www.europesays.com\/fr\/524629\/","title":{"rendered":"La Russie pourrait ouvrir un nouveau front en Europe, pr\u00e9vient Zelensky. &#8211;"},"content":{"rendered":"<p>Le pr\u00e9sident ukrainien <strong>Volodymyr Zelensky<\/strong> d\u00e9clare au Guardian dans une nouvelle <a href=\"https:\/\/www.theguardian.com\/world\/2025\/nov\/09\/volodymyr-zelenskyy-why-should-i-be-afraid-donald-trump\" target=\"_blank\" rel=\"nofollow noopener\">interview<\/a> que le pr\u00e9sident russe <strong>Vladimir Poutine<\/strong> peine \u00e0 obtenir des progr\u00e8s en Ukraine et pourrait se pr\u00e9parer \u00e0 intensifier le conflit ailleurs en Europe.<\/p>\n<p>Selon Zelensky, le Kremlin pousse d\u00e9j\u00e0 une <strong>hybrid campaign<\/strong> \u00e0 travers le continent, testant les limites de l&rsquo;OTAN tout en \u00e9chouant \u00e0 avancer sur le champ de bataille. Il sugg\u00e8re que Moscou pourrait frapper <strong>un autre pays europ\u00e9en<\/strong> avant m\u00eame la fin de la guerre en Ukraine, et note que la hausse des incidents li\u00e9s aux drones \u00e0 travers l&rsquo;Europe refl\u00e8te l&rsquo;enlisement de l&rsquo;offensive russe et la recherche de nouvelles cibles.<\/p>\n<p>Ce que Zelensky a dit plus t\u00f4t \u00e0 propos de Poutine.<\/p>\n<p>Zelensky indique que les dirigeants russes comptent sur le fait d&rsquo;avoir un <strong>ennemi ext\u00e9rieur<\/strong> pour unifier le pays autour de Poutine, ce qui rend irr\u00e9aliste toute forme de rapprochement avec l&rsquo;Occident ou les \u00c9tats-Unis.<\/p>\n<p>Auparavant, il dit avoir averti Donald Trump que Poutine \u00e9tait <strong>overstating his military successes<\/strong>. Les services de renseignement ukrainiens ont rapport\u00e9 que Poutine avait affirm\u00e9 en priv\u00e9 qu&rsquo;il s&#8217;emparerait de toute la r\u00e9gion du Donbas d&rsquo;ici la mi-octobre, ce que Kiev affirme que la Russie n&rsquo;est pas en mesure de r\u00e9aliser.<\/p>\n<p>Zelensky note que les forces russes <strong>lack the manpower<\/strong> et que les unit\u00e9s cl\u00e9s ont d\u00e9j\u00e0 \u00e9t\u00e9 \u00e9puis\u00e9es, laissant la ligne de front largement inchang\u00e9e au cours des derniers mois. Dans ses derniers commentaires, Zelensky dit \u00e9galement qu&rsquo;il n&rsquo;a <strong>pas \u00ab\u00a0peur\u00a0\u00bb<\/strong> de Trump, ajoutant qu&rsquo;il consid\u00e8re les \u00c9tats-Unis comme un partenaire strat\u00e9gique \u00e0 long terme plut\u00f4t que comme un adversaire.<\/p>\n<p><img loading=\"lazy\" decoding=\"async\" id=\"img-1969933-4724683\" data-fullsize=\"\/media\/46\/russiamayopen_4724683b.jpg\" data-lazy=\"\" src=\"https:\/\/www.gamereactor.frhttps:\/\/www.gamereactor.fr\/media\/46\/russiamayopen_4724683_650x.jpg\" width=\"650\" onclick=\"if (!window.__cfRLUnblockHandlers) return false; gallery_openmodal('1969933','4724683',false,'8009ab6ac1e36d02b4a7f30b0206d3d3');\" height=\"434\" alt=\"La Russie pourrait ouvrir un nouveau front en Europe, pr\u00e9vient Zelensky.\" class=\"rwd_col_content lazy\" data-cf-modified-acc32e8deb4d36c5a7d57101-=\"\"\/>Volodymyr Zelensky \/\/ Shutterstock<\/p>\n","protected":false},"excerpt":{"rendered":"Le pr\u00e9sident ukrainien Volodymyr Zelensky d\u00e9clare au Guardian dans une nouvelle interview que le pr\u00e9sident russe Vladimir Poutine&hellip;\n","protected":false},"author":2,"featured_media":524630,"comment_status":"","ping_status":"","sticky":false,"template":"","format":"standard","meta":{"footnotes":""},"categories":[1591],"tags":[11,1887,12,1885,1886,132],"class_list":{"0":"post-524629","1":"post","2":"type-post","3":"status-publish","4":"format-standard","5":"has-post-thumbnail","7":"category-russie","8":"tag-actualites","9":"tag-federation-de-russie","10":"tag-news","11":"tag-russia","12":"tag-russian-federation","13":"tag-russie"},"share_on_mastodon":{"url":"https:\/\/pubeurope.com\/@fr\/115524754305368272","error":""},"_links":{"self":[{"href":"https:\/\/www.europesays.com\/fr\/wp-json\/wp\/v2\/posts\/524629","targetHints":{"allow":["GET"]}}],"collection":[{"href":"https:\/\/www.europesays.com\/fr\/wp-json\/wp\/v2\/posts"}],"about":[{"href":"https:\/\/www.europesays.com\/fr\/wp-json\/wp\/v2\/types\/post"}],"author":[{"embeddable":true,"href":"https:\/\/www.europesays.com\/fr\/wp-json\/wp\/v2\/users\/2"}],"replies":[{"embeddable":true,"href":"https:\/\/www.europesays.com\/fr\/wp-json\/wp\/v2\/comments?post=524629"}],"version-history":[{"count":0,"href":"https:\/\/www.europesays.com\/fr\/wp-json\/wp\/v2\/posts\/524629\/revisions"}],"wp:featuredmedia":[{"embeddable":true,"href":"https:\/\/www.europesays.com\/fr\/wp-json\/wp\/v2\/media\/524630"}],"wp:attachment":[{"href":"https:\/\/www.europesays.com\/fr\/wp-json\/wp\/v2\/media?parent=524629"}],"wp:term":[{"taxonomy":"category","embeddable":true,"href":"https:\/\/www.europesays.com\/fr\/wp-json\/wp\/v2\/categories?post=524629"},{"taxonomy":"post_tag","embeddable":true,"href":"https:\/\/www.europesays.com\/fr\/wp-json\/wp\/v2\/tags?post=524629"}],"curies":[{"name":"wp","href":"https:\/\/api.w.org\/{rel}","templated":true}]}}