{"id":524633,"date":"2025-11-10T09:44:15","date_gmt":"2025-11-10T09:44:15","guid":{"rendered":"https:\/\/www.europesays.com\/fr\/524633\/"},"modified":"2025-11-10T09:44:15","modified_gmt":"2025-11-10T09:44:15","slug":"vallourec-investit-48-mlns-dans-une-ligne-de-filetage-aux-usa-economie","status":"publish","type":"post","link":"https:\/\/www.europesays.com\/fr\/524633\/","title":{"rendered":"Vallourec investit $48 mlns dans une ligne de filetage aux USA &#8211; ECONOMIE"},"content":{"rendered":"<p class=\"post_meta\">10 novembre 2025Reuters<\/p>\n<p>(Reuters) \u2013     Vallourec a annonc\u00e9 lundi un investissement de 48 millions de dollars (41,16 millions d\u2019euros) aux \u00c9tats-Unis, pour la construction d\u2019une nouvelle ligne de filetage premium \u00e0 Youngstown, dans l\u2019Ohio.<\/p>\n<p>Les travaux de construction, qui ont d\u00e9but\u00e9 en juillet dernier, devraient s\u2019achever au d\u00e9but de l\u2019ann\u00e9e 2027, selon un communiqu\u00e9.<\/p>\n<p> (R\u00e9dig\u00e9 par Elena Smirnova, \u00e9dit\u00e9 par Augustin Turpin)<\/p>\n<p><a href=\"https:\/\/chretiens.com\/quoi-de-neuf\/vallourec-investit-48-mlns\/2025\/11\/10\/07\/14\/attachment\/le-logo-de-vallourec-5\/\" rel=\"nofollow noopener\" target=\"_blank\"><img decoding=\"async\" src=\"https:\/\/www.europesays.com\/fr\/wp-content\/uploads\/2025\/11\/tagreuters.com2025binary_LYNXMPELA908L-FILEDIMAGE-scaled.jpg\" alt=\"tagreuters.com2025binary_LYNXMPELA908L-FILEDIMAGE\"\/><\/a><\/p>\n<p>URGENT: SOUTENEZ LA DIFFUSION DE CHRETIENS TV EN FRANCE !<br \/>\nLa cha\u00eene Chr\u00e9tiens TV, \u00e9dit\u00e9e par le Journal Chr\u00e9tien, sera bient\u00f4t diffus\u00e9e en France. Elle aura la particularit\u00e9 de d\u00e9crypter l&rsquo;actualit\u00e9 avec un regard chr\u00e9tien et de prendre ouvertement position lorsque les \u00e9glises protestantes ou \u00e9vang\u00e9liques sont attaqu\u00e9es.<br \/>\nLes co\u00fbts de production et de diffusion de la cha\u00eene feront exploser notre budget. Si vous le pouvez, faites un don pour soutenir le lancement de cette nouvelle cha\u00eene chr\u00e9tienne.<br \/>\nIl n&rsquo;y a pas de petits dons, tous les dons comptent. A partir de 1 euro, vous pouvez nous soutenir !<\/p>\n","protected":false},"excerpt":{"rendered":"10 novembre 2025Reuters (Reuters) \u2013 Vallourec a annonc\u00e9 lundi un investissement de 48 millions de dollars (41,16 millions&hellip;\n","protected":false},"author":2,"featured_media":389275,"comment_status":"","ping_status":"","sticky":false,"template":"","format":"standard","meta":{"footnotes":""},"categories":[1589],"tags":[11,73,1866,12,1864,1865,1863,308],"class_list":{"0":"post-524633","1":"post","2":"type-post","3":"status-publish","4":"format-standard","5":"has-post-thumbnail","7":"category-etats-unis","8":"tag-actualites","9":"tag-etats-unis","10":"tag-etats-unis-damerique","11":"tag-news","12":"tag-united-states","13":"tag-united-states-of-america","14":"tag-us","15":"tag-usa"},"share_on_mastodon":{"url":"https:\/\/pubeurope.com\/@fr\/115524762839712375","error":""},"_links":{"self":[{"href":"https:\/\/www.europesays.com\/fr\/wp-json\/wp\/v2\/posts\/524633","targetHints":{"allow":["GET"]}}],"collection":[{"href":"https:\/\/www.europesays.com\/fr\/wp-json\/wp\/v2\/posts"}],"about":[{"href":"https:\/\/www.europesays.com\/fr\/wp-json\/wp\/v2\/types\/post"}],"author":[{"embeddable":true,"href":"https:\/\/www.europesays.com\/fr\/wp-json\/wp\/v2\/users\/2"}],"replies":[{"embeddable":true,"href":"https:\/\/www.europesays.com\/fr\/wp-json\/wp\/v2\/comments?post=524633"}],"version-history":[{"count":0,"href":"https:\/\/www.europesays.com\/fr\/wp-json\/wp\/v2\/posts\/524633\/revisions"}],"wp:featuredmedia":[{"embeddable":true,"href":"https:\/\/www.europesays.com\/fr\/wp-json\/wp\/v2\/media\/389275"}],"wp:attachment":[{"href":"https:\/\/www.europesays.com\/fr\/wp-json\/wp\/v2\/media?parent=524633"}],"wp:term":[{"taxonomy":"category","embeddable":true,"href":"https:\/\/www.europesays.com\/fr\/wp-json\/wp\/v2\/categories?post=524633"},{"taxonomy":"post_tag","embeddable":true,"href":"https:\/\/www.europesays.com\/fr\/wp-json\/wp\/v2\/tags?post=524633"}],"curies":[{"name":"wp","href":"https:\/\/api.w.org\/{rel}","templated":true}]}}