{"id":524636,"date":"2025-11-10T09:46:43","date_gmt":"2025-11-10T09:46:43","guid":{"rendered":"https:\/\/www.europesays.com\/fr\/524636\/"},"modified":"2025-11-10T09:46:43","modified_gmt":"2025-11-10T09:46:43","slug":"lallemagne-va-acheter-20-helicopteres-h145m-supplementaires-a-airbus-pour-pres-de-1-milliard-deuros","status":"publish","type":"post","link":"https:\/\/www.europesays.com\/fr\/524636\/","title":{"rendered":"l&rsquo;Allemagne va acheter 20 h\u00e9licopt\u00e8res H145M suppl\u00e9mentaires \u00e0 Airbus pour pr\u00e8s de 1 milliard d&rsquo;euros"},"content":{"rendered":"<p>&#13;<br \/>\n\tL&rsquo;Allemagne va d\u00e9penser pr\u00e8s d&rsquo;un milliard d&rsquo;euros pour acqu\u00e9rir 20 h\u00e9licopt\u00e8res militaires suppl\u00e9mentaires aupr\u00e8s d&rsquo;Airbus, qui devraient \u00eatre livr\u00e9s sur deux ans \u00e0 partir de 2027. L&rsquo;engagement de financement, d&rsquo;abord rapport\u00e9 par Bloomberg, est contenu dans un document du minist\u00e8re des Finances qui doit \u00eatre pr\u00e9sent\u00e9 au Parlement et que Reuters a consult\u00e9 dimanche 9 novembre.<\/p>\n<p>&#13;<br \/>\n\tLa commande compl\u00e8te <a href=\"https:\/\/www.usinenouvelle.com\/article\/airbus-helicopters-engrange-une-mega-commande-de-la-part-de-l-armee-allemande.N2205080\" target=\"_blank\" rel=\"nofollow noopener\">un accord-cadre de 2023 qui permettait aux forces arm\u00e9es d&rsquo;acheter jusqu&rsquo;\u00e0 82 h\u00e9licopt\u00e8res Airbus H145M<\/a>, dont 62 ont d\u00e9j\u00e0 \u00e9t\u00e9 command\u00e9s. Le co\u00fbt total de 931 millions d&rsquo;euros des 20 appareils suppl\u00e9mentaires &#8211; 15 pour des missions de combat et cinq pour l&rsquo;entra\u00eenement des forces sp\u00e9ciales &#8211; proviendra d&rsquo;un fonds sp\u00e9cial cr\u00e9\u00e9 en d\u00e9but d&rsquo;ann\u00e9e pour financer la modernisation d&rsquo;urgence des forces arm\u00e9es allemandes.<\/p>\n<p class=\"editoTitleType1 editoTitleType1--noBorder is-margin-0\">VOS <b>INDICES<\/b><\/p>\n<p>                source<br \/>\n                <img decoding=\"async\" src=\"https:\/\/www.europesays.com\/fr\/wp-content\/uploads\/2025\/05\/logo-indice-contations.png\" alt=\"Indices &amp; cotations\"\/><\/p>\n<p>&#13;<br \/>\n\t3 milliards d&rsquo;euros jusqu&rsquo;en 2048<\/p>\n<p>&#13;<br \/>\n\tLa commande allemande profitera \u00e0 de nombreuses autres soci\u00e9t\u00e9s impliqu\u00e9es dans l&rsquo;\u00e9quipement des h\u00e9licopt\u00e8res telles que l&rsquo;entreprise d&rsquo;\u00e9lectronique de d\u00e9fense Hensoldt. Le gouvernement allemand estime que le co\u00fbt total de l&rsquo;entretien et de l&rsquo;exploitation de la flotte compl\u00e8te de 82 h\u00e9licopt\u00e8res s&rsquo;\u00e9l\u00e8vera \u00e0 pr\u00e8s de 3 milliards d&rsquo;euros jusqu&rsquo;en 2048.<\/p>\n<p>&#13;<br \/>\n\tLes gouvernements de toute l&rsquo;Europe <a href=\"https:\/\/www.usinenouvelle.com\/article\/l-economie-de-guerre-monte-en-puissance-mais-qui-sont-les-entreprises-de-la-base-industrielle-et-technologique-de-defense.N2230560\" target=\"_blank\" rel=\"nofollow noopener\">augmentent leurs d\u00e9penses de d\u00e9fense face \u00e0 la menace russe<\/a>, qui s&rsquo;est accrue depuis l&rsquo;invasion totale de l&rsquo;Ukraine en f\u00e9vrier 2022.\u00a0Le minist\u00e8re de la D\u00e9fense n&rsquo;a pas souhait\u00e9 faire de commentaires, d\u00e9clarant qu&rsquo;il ne pouvait pas \u00e9voquer ce type de projets avant qu&rsquo;ils n&rsquo;aient \u00e9t\u00e9 d\u00e9battus au Parlement.<\/p>\n<p>&#13;<br \/>\n\t<strong>Avec Reuters (R\u00e9dig\u00e9 par Thomas Escritt, version fran\u00e7aise Benjamin Mallet)<\/strong><\/p>\n<p class=\"editoTitleType1 editoTitleType1--lagoon is-uppercase\">S\u00e9lectionn\u00e9 <b>pour vous<\/b><\/p>\n<p>                                                                            <a class=\"editoCardType21__link editoCardType21__containerImage\" href=\"https:\/\/www.usinenouvelle.com\/article\/produire-des-millions-de-drones-les-armees-vont-tester-les-capacites-d-industriels-civils-a-repondre-a-une-guerre-de-haute-intensite.N2240884\" data-xiti-name=\"2240884\" rel=\"nofollow noopener\" target=\"_blank\"><\/p>\n<p>                                                                                                                                                    <img decoding=\"async\" src=\"data:image\/gif;base64,R0lGODdhAQABAPAAAMPDwwAAACwAAAAAAQABAAACAkQBADs=\" data-original=\"\/mediatheque\/2\/8\/5\/001533582_256x170_c.jpg\" alt=\"\u00abProduire des millions de drones\u00bb : les arm\u00e9es vont tester les capacit\u00e9s d'industriels civils \u00e0 r\u00e9pondre \u00e0 une guerre de haute intensit\u00e9\"\/><\/p>\n<p>                            <\/a><\/p>\n","protected":false},"excerpt":{"rendered":"&#13; L&rsquo;Allemagne va d\u00e9penser pr\u00e8s d&rsquo;un milliard d&rsquo;euros pour acqu\u00e9rir 20 h\u00e9licopt\u00e8res militaires suppl\u00e9mentaires aupr\u00e8s d&rsquo;Airbus, qui devraient&hellip;\n","protected":false},"author":2,"featured_media":524637,"comment_status":"","ping_status":"","sticky":false,"template":"","format":"standard","meta":{"footnotes":""},"categories":[1587],"tags":[11,670,33123,32182,672,1804,1805,554,2125,1803,1777,674,1801,2124,14,12,1802],"class_list":{"0":"post-524636","1":"post","2":"type-post","3":"status-publish","4":"format-standard","5":"has-post-thumbnail","7":"category-allemagne","8":"tag-actualites","9":"tag-aero-spatial","10":"tag-airbus-helicopters","11":"tag-airbus-group","12":"tag-allemagne","13":"tag-bundesrepublik-deutschland","14":"tag-de","15":"tag-defense","16":"tag-depeches-reuters","17":"tag-deutschland","18":"tag-eu","19":"tag-europe","20":"tag-germany","21":"tag-infos-reuters","22":"tag-international","23":"tag-news","24":"tag-republique-federale-dallemagne"},"share_on_mastodon":{"url":"https:\/\/pubeurope.com\/@fr\/115524770709626549","error":""},"_links":{"self":[{"href":"https:\/\/www.europesays.com\/fr\/wp-json\/wp\/v2\/posts\/524636","targetHints":{"allow":["GET"]}}],"collection":[{"href":"https:\/\/www.europesays.com\/fr\/wp-json\/wp\/v2\/posts"}],"about":[{"href":"https:\/\/www.europesays.com\/fr\/wp-json\/wp\/v2\/types\/post"}],"author":[{"embeddable":true,"href":"https:\/\/www.europesays.com\/fr\/wp-json\/wp\/v2\/users\/2"}],"replies":[{"embeddable":true,"href":"https:\/\/www.europesays.com\/fr\/wp-json\/wp\/v2\/comments?post=524636"}],"version-history":[{"count":0,"href":"https:\/\/www.europesays.com\/fr\/wp-json\/wp\/v2\/posts\/524636\/revisions"}],"wp:featuredmedia":[{"embeddable":true,"href":"https:\/\/www.europesays.com\/fr\/wp-json\/wp\/v2\/media\/524637"}],"wp:attachment":[{"href":"https:\/\/www.europesays.com\/fr\/wp-json\/wp\/v2\/media?parent=524636"}],"wp:term":[{"taxonomy":"category","embeddable":true,"href":"https:\/\/www.europesays.com\/fr\/wp-json\/wp\/v2\/categories?post=524636"},{"taxonomy":"post_tag","embeddable":true,"href":"https:\/\/www.europesays.com\/fr\/wp-json\/wp\/v2\/tags?post=524636"}],"curies":[{"name":"wp","href":"https:\/\/api.w.org\/{rel}","templated":true}]}}