{"id":52464,"date":"2025-04-25T19:07:08","date_gmt":"2025-04-25T19:07:08","guid":{"rendered":"https:\/\/www.europesays.com\/fr\/52464\/"},"modified":"2025-04-25T19:07:08","modified_gmt":"2025-04-25T19:07:08","slug":"le-cout-colossal-de-la-dependance-de-leurope-au-numerique-americain","status":"publish","type":"post","link":"https:\/\/www.europesays.com\/fr\/52464\/","title":{"rendered":"le co\u00fbt colossal de la d\u00e9pendance de l\u2019Europe au num\u00e9rique am\u00e9ricain"},"content":{"rendered":"<p><strong>D\u00c9CRYPTAGE &#8211;<\/strong> Publi\u00e9e ce jeudi, une \u00e9tude tente de chiffrer, pour la premi\u00e8re fois, l\u2019impact, pour l\u2019Union europ\u00e9enne, de la domination des g\u00e9ants am\u00e9ricains du num\u00e9rique comme Google, Facebook ou Amazon.<\/p>\n<p class=\"fig-paragraph\">L\u2019Europe paie \u00e0 prix d\u2019or sa d\u00e9pendance\u00a0<a href=\"http:\/\/www.lefigaro.fr\/conjoncture\/droits-de-douane-l-ue-se-prepare-a-taxer-les-services-numeriques-americains-20250403\" data-fig-type=\"NewsFlash\" data-gtm-custom-categorie=\"navigation\" data-gtm-custom-action=\"crossclick\" data-gtm-custom-label=\"Contextuel\" data-gtm-event=\"customEventSPE\" data-fig-domain=\"LEFIGARO\" rel=\"nofollow noopener\" target=\"_blank\">aux services num\u00e9riques am\u00e9ricains<\/a>\u00a0: c\u2019est la conclusion d\u2019une \u00e9tude in\u00e9dite publi\u00e9e ce jeudi 24 avril. Alors que la menace de la guerre commerciale d\u00e9clench\u00e9e par Donald Trump continue de planer au-dessus des 27, ceux-ci p\u00e2tissent de leur manque d\u2019alternatives aux solutions des g\u00e9ants am\u00e9ricains, comme Microsoft (Azure, Office 365), Amazon (AWS), Google (Workspace, Cloud) ou Salesforce. Du stockage en ligne \u00e0 la bureautique, en passant par les applications m\u00e9tier et la cybers\u00e9curit\u00e9, ces groupes capteraient \u00e0 eux seuls pr\u00e8s de 80% des d\u00e9penses num\u00e9riques des grandes entreprises europ\u00e9ennes, avec des retomb\u00e9es \u00e9conomiques consid\u00e9rables outre-Atlantique.<\/p>\n<p class=\"fig-premium-paywall__infos\">\n        Cet article est r\u00e9serv\u00e9 aux abonn\u00e9s.        Il vous reste 91% \u00e0 d\u00e9couvrir.\n    <\/p>\n<p>                <img  data- alt=\"Le Figaro\" class=\"fig-img--complete fig-img\"\/><\/p>\n<p class=\"fig-premium-paywall__title\">Vous avez envie de lire la suite ?<\/p>\n<p class=\"fig-premium-paywall__subtitle\">D\u00e9bloquez tous les articles imm\u00e9diatement.<\/p>\n<p class=\"fig-premium-paywall__connect\">\n                D\u00e9j\u00e0 abonn\u00e9\u00a0?                <a class=\"fig-premium-paywall__connect-link\" href=\"https:\/\/connect.lefigaro.fr\/login?client=horizon_web&amp;type=main&amp;redirect_uri=https%3A%2F%2Fwww.lefigaro.fr%2Fsecteur%2Fhigh-tech%2Fon-paye-notre-absence-de-souverainete-le-cout-colossal-de-la-dependance-de-l-europe-au-numerique-americain-20250425\" data-js-gtm=\"{&quot;customCategorie&quot;: &quot;conversion&quot;, &quot;customAction&quot;: &quot;before_Landing_Connexion_paywall_manuel&quot;, &quot;customLabel&quot;: &quot;bGVmaWdhcm8uZnJfXzFmMDIxZjg5LTNjZjMtNmY5Yy1iYjhjLTA3NTBhNmM2ZjI5NF9fQXJ0aWNsZQ==_\u00abOn paye notre absence de souverainet\u00e9\u00bb\u00a0: le co\u00fbt colossal de la d\u00e9pendance de l\u2019Europe au num\u00e9rique am\u00e9ricain_1035&quot;, &quot;customIDSPE&quot;: &quot;bGVmaWdhcm8uZnJfXzFmMDIxZjg5LTNjZjMtNmY5Yy1iYjhjLTA3NTBhNmM2ZjI5NF9fQXJ0aWNsZQ==&quot;, &quot;event&quot;: &quot;customEventSPE&quot;}\" rel=\"nofollow noopener\" target=\"_blank\"><br \/>\n                    Connectez-vous<br \/>\n                <\/a>\n            <\/p>\n","protected":false},"excerpt":{"rendered":"D\u00c9CRYPTAGE &#8211; Publi\u00e9e ce jeudi, une \u00e9tude tente de chiffrer, pour la premi\u00e8re fois, l\u2019impact, pour l\u2019Union europ\u00e9enne,&hellip;\n","protected":false},"author":2,"featured_media":52465,"comment_status":"","ping_status":"","sticky":false,"template":"","format":"standard","meta":{"footnotes":""},"categories":[1586],"tags":[47,11,722,723,1777,674,1779,1011,27,727,726,14579,142,310,655,720,12,719,4125,25,724,10532,725,717,718,1778,364,721,728],"class_list":{"0":"post-52464","1":"post","2":"type-post","3":"status-publish","4":"format-standard","5":"has-post-thumbnail","7":"category-europe","8":"tag-actualite","9":"tag-actualites","10":"tag-blog","11":"tag-blogs","12":"tag-eu","13":"tag-europe","14":"tag-european-union","15":"tag-fr","16":"tag-france","17":"tag-gadget","18":"tag-gadgets","19":"tag-gafam","20":"tag-high-tech","21":"tag-internet","22":"tag-iphone","23":"tag-multimedia","24":"tag-news","25":"tag-nouvelles-technolgies","26":"tag-numerique","27":"tag-republique-francaise","28":"tag-smartphone","29":"tag-souverainete","30":"tag-tablette","31":"tag-technologie","32":"tag-tic","33":"tag-ue","34":"tag-union-europeenne","35":"tag-web","36":"tag-widgets"},"share_on_mastodon":{"url":"https:\/\/pubeurope.com\/@fr\/114400175272781559","error":""},"_links":{"self":[{"href":"https:\/\/www.europesays.com\/fr\/wp-json\/wp\/v2\/posts\/52464","targetHints":{"allow":["GET"]}}],"collection":[{"href":"https:\/\/www.europesays.com\/fr\/wp-json\/wp\/v2\/posts"}],"about":[{"href":"https:\/\/www.europesays.com\/fr\/wp-json\/wp\/v2\/types\/post"}],"author":[{"embeddable":true,"href":"https:\/\/www.europesays.com\/fr\/wp-json\/wp\/v2\/users\/2"}],"replies":[{"embeddable":true,"href":"https:\/\/www.europesays.com\/fr\/wp-json\/wp\/v2\/comments?post=52464"}],"version-history":[{"count":0,"href":"https:\/\/www.europesays.com\/fr\/wp-json\/wp\/v2\/posts\/52464\/revisions"}],"wp:featuredmedia":[{"embeddable":true,"href":"https:\/\/www.europesays.com\/fr\/wp-json\/wp\/v2\/media\/52465"}],"wp:attachment":[{"href":"https:\/\/www.europesays.com\/fr\/wp-json\/wp\/v2\/media?parent=52464"}],"wp:term":[{"taxonomy":"category","embeddable":true,"href":"https:\/\/www.europesays.com\/fr\/wp-json\/wp\/v2\/categories?post=52464"},{"taxonomy":"post_tag","embeddable":true,"href":"https:\/\/www.europesays.com\/fr\/wp-json\/wp\/v2\/tags?post=52464"}],"curies":[{"name":"wp","href":"https:\/\/api.w.org\/{rel}","templated":true}]}}