{"id":524648,"date":"2025-11-10T09:55:13","date_gmt":"2025-11-10T09:55:13","guid":{"rendered":"https:\/\/www.europesays.com\/fr\/524648\/"},"modified":"2025-11-10T09:55:13","modified_gmt":"2025-11-10T09:55:13","slug":"volley-ball-larago-de-sete-a-ete-tenace-a-nice-porte-par-un-grand-schlienger","status":"publish","type":"post","link":"https:\/\/www.europesays.com\/fr\/524648\/","title":{"rendered":"Volley-ball\u00a0: l\u2019Arago de S\u00e8te a \u00e9t\u00e9 tenace \u00e0 Nice, port\u00e9 par un grand Schlienger"},"content":{"rendered":"<p>\n                                                                Les hommes de Fulvio Bertini se sont impos\u00e9s 1-3 sur la C\u00f4te d&rsquo;Azur.\n                            <\/p>\n<p>On les avait laiss\u00e9s atones en Coupe de France, domin\u00e9s en trois sets, dans la salle Maurice-Vi\u00e9, par une \u00e9quipe de Cannes en mode rouleau compresseur. Et cela venait trois jours apr\u00e8s la rude d\u00e9faite face \u00e0 Tourcoing. Six sets perdus cons\u00e9cutivement et sans vraiment tenir la comparaison.<\/p>\n<p>Mais comme le souligne invariablement Fulvio Bertini, il faut s\u2019attendre \u00e0 tout avec ce championnat de France. Ce vendredi, on a donc vu la meilleure version de l\u2019Arago. Battus 25-22 lors du premier set, les S\u00e9tois ont ensuite enclench\u00e9 la vitesse sup\u00e9rieure, vainqueurs 23-25.<\/p>\n<p>Troisi\u00e8me set d\u00e9cisif<\/p>\n<p>Mais c\u2019est surtout dans la troisi\u00e8me manche que la donne du moment a chang\u00e9. Apr\u00e8s avoir men\u00e9 tout au long du set, ils ont baiss\u00e9 la garde pour voir le score passer \u00e0 21-19. La tendance constat\u00e9e ces derniers temps ne les donnait gu\u00e8re favoris. Et pourtant, les S\u00e9tois se sont accroch\u00e9s et ont r\u00e9ussi \u00e0 reprendre l\u2019avantage\u00a0: 25-27. Un joli coup sur la t\u00eate des Ni\u00e7ois avant un dernier set \u00e0 sens unique (16-25).<\/p>\n<p>Une belle victoire, qui voit au passage l\u2019Arago remonter \u00e0 la cinqui\u00e8me place dans un championnat qui ne s\u2019est pas encore vraiment d\u00e9cant\u00e9. \u00c9lu MVP de la rencontre, Angel Trinidad a trouv\u00e9 les solutions pour porter son \u00e9quipe vers la victoire. Il a certainement \u00e9galement contribu\u00e9 \u00e0 augmenter le capital confiance de son pointu. Avec 32 points au total (28 attaques, 2 aces et 2 blocks), Tristan Schlienger a sign\u00e9 une performance de haut vol sur quatre sets. On notera \u00e9galement la bonne production des centraux Van der Ent et Zerba, auteurs \u00e0 eux deux de 19 points, dont 7 contres.<\/p>\n<p>De bon augure avant la r\u00e9ception de Poitiers, ce samedi 15\u00a0novembre, \u00e0 15\u00a0h au palais des sports de B\u00e9ziers.<\/p>\n","protected":false},"excerpt":{"rendered":"Les hommes de Fulvio Bertini se sont impos\u00e9s 1-3 sur la C\u00f4te d&rsquo;Azur. On les avait laiss\u00e9s atones&hellip;\n","protected":false},"author":2,"featured_media":524649,"comment_status":"","ping_status":"","sticky":false,"template":"","format":"standard","meta":{"footnotes":""},"categories":[1417],"tags":[1011,27,60,1470,1469],"class_list":{"0":"post-524648","1":"post","2":"type-post","3":"status-publish","4":"format-standard","5":"has-post-thumbnail","7":"category-volley","8":"tag-fr","9":"tag-france","10":"tag-sports","11":"tag-volley","12":"tag-volleyball"},"share_on_mastodon":{"url":"https:\/\/pubeurope.com\/@fr\/115524804632340751","error":""},"_links":{"self":[{"href":"https:\/\/www.europesays.com\/fr\/wp-json\/wp\/v2\/posts\/524648","targetHints":{"allow":["GET"]}}],"collection":[{"href":"https:\/\/www.europesays.com\/fr\/wp-json\/wp\/v2\/posts"}],"about":[{"href":"https:\/\/www.europesays.com\/fr\/wp-json\/wp\/v2\/types\/post"}],"author":[{"embeddable":true,"href":"https:\/\/www.europesays.com\/fr\/wp-json\/wp\/v2\/users\/2"}],"replies":[{"embeddable":true,"href":"https:\/\/www.europesays.com\/fr\/wp-json\/wp\/v2\/comments?post=524648"}],"version-history":[{"count":0,"href":"https:\/\/www.europesays.com\/fr\/wp-json\/wp\/v2\/posts\/524648\/revisions"}],"wp:featuredmedia":[{"embeddable":true,"href":"https:\/\/www.europesays.com\/fr\/wp-json\/wp\/v2\/media\/524649"}],"wp:attachment":[{"href":"https:\/\/www.europesays.com\/fr\/wp-json\/wp\/v2\/media?parent=524648"}],"wp:term":[{"taxonomy":"category","embeddable":true,"href":"https:\/\/www.europesays.com\/fr\/wp-json\/wp\/v2\/categories?post=524648"},{"taxonomy":"post_tag","embeddable":true,"href":"https:\/\/www.europesays.com\/fr\/wp-json\/wp\/v2\/tags?post=524648"}],"curies":[{"name":"wp","href":"https:\/\/api.w.org\/{rel}","templated":true}]}}