{"id":524652,"date":"2025-11-10T09:57:18","date_gmt":"2025-11-10T09:57:18","guid":{"rendered":"https:\/\/www.europesays.com\/fr\/524652\/"},"modified":"2025-11-10T09:57:18","modified_gmt":"2025-11-10T09:57:18","slug":"le-programme-du-lundi-10-novembre-a-turin-avec-sinner","status":"publish","type":"post","link":"https:\/\/www.europesays.com\/fr\/524652\/","title":{"rendered":"le programme du lundi 10 novembre \u00e0 Turin avec Sinner"},"content":{"rendered":"<p>\n\t\t\t\t\tDeuxi\u00e8me journ\u00e9e \u00e0 Turin pour les ATP Finals 2025. Le Groupe Jimmy Connors et le Groupe Bj\u00f6rn Borg poursuivent leur entr\u00e9e en lice avec Lorenzo Musetti face \u00e0 Taylor Fritz et le tenant du titre Jannik Sinner contre F\u00e9lix Auger-Aliassime.\t\t\t\t<\/p>\n<p>\t\t\t\t\t<img loading=\"lazy\" width=\"527\" height=\"297\" src=\"https:\/\/www.europesays.com\/fr\/wp-content\/uploads\/2025\/11\/G5PvTkWXEAAXZwA-scaled-e1762709960308-527x297.jpg\" class=\"attachment-csco-thumbnail-uncropped size-csco-thumbnail-uncropped wp-post-image\" alt=\"Les Nitto ATP Finals se poursuivent ce lundi 10 novembre avec l'entr\u00e9e en lice de Jannik Sinner (@federtennis)\" decoding=\"async\"  \/>\t\t\t\t\t<img loading=\"lazy\" width=\"1044\" height=\"588\" src=\"https:\/\/www.europesays.com\/fr\/wp-content\/uploads\/2025\/11\/G5PvTkWXEAAXZwA-scaled-e1762709960308-1044x588.jpg\" class=\"attachment-csco-large-uncropped size-csco-large-uncropped wp-post-image\" alt=\"Les Nitto ATP Finals se poursuivent ce lundi 10 novembre avec l'entr\u00e9e en lice de Jannik Sinner (@federtennis)\" decoding=\"async\"  \/>\t\t\t\t<\/p>\n<p>\n\t\t\t\t\t\tLes Nitto ATP Finals se poursuivent ce lundi 10 novembre avec l&rsquo;entr\u00e9e en lice de Jannik Sinner (@federtennis)\t\t\t\t\t<\/p>\n<p data-start=\"554\" data-end=\"839\">Le Masters de Turin se poursuit ce lundi avec deux belles affiches. Le public italien vibrera d\u00e8s l\u2019apr\u00e8s-midi pour l\u2019entr\u00e9e en lice de Lorenzo Musetti, rep\u00each\u00e9 apr\u00e8s le forfait de Novak Djokovic, avant le grand retour du champion en titre Jannik Sinner en session nocturne.<\/p>\n<p><strong data-start=\"850\" data-end=\"882\">O\u00f9 regarder les ATP Finals ?<\/strong><\/p>\n<p><strong data-start=\"954\" data-end=\"983\">La programmation compl\u00e8te<\/strong><\/p>\n<p data-start=\"984\" data-end=\"1011\"><strong data-start=\"984\" data-end=\"1009\">Pala Alpitour \u2013 Turin<\/strong><\/p>\n<p data-start=\"1235\" data-end=\"2001\">Propuls\u00e9 dans le tableau \u00e0 la derni\u00e8re minute apr\u00e8s le <strong data-start=\"1338\" data-end=\"1367\">forfait de Novak Djokovic<\/strong>, Lorenzo Musetti vit \u00e0 domicile sa premi\u00e8re participation aux ATP Finals. Sa pr\u00e9paration express pourrait toutefois peser, lui qui a encha\u00een\u00e9 apr\u00e8s une <strong data-start=\"1518\" data-end=\"1547\">finale disput\u00e9e \u00e0 Ath\u00e8nes<\/strong> <a href=\"https:\/\/www.universtennis.com\/2025\/11\/08\/atp-250-athenes-djokovic-renverse-musetti-et-soffre-son-101e-titre-en-carriere\/\" target=\"_blank\" rel=\"noopener\">perdue contre le Serbe<\/a> en pr\u00e8s de trois heures.<\/p>\n<p data-start=\"1235\" data-end=\"2001\">Face \u00e0 lui, <strong data-start=\"1608\" data-end=\"1624\">Taylor Fritz<\/strong>, solide et exp\u00e9riment\u00e9 sur cette surface, aborde son <strong data-start=\"1678\" data-end=\"1699\">troisi\u00e8me Masters<\/strong>. Finaliste l\u2019an dernier et demi-finaliste en 2022, l\u2019Am\u00e9ricain reste une r\u00e9f\u00e9rence en indoor.<\/p>\n<p data-start=\"1235\" data-end=\"2001\">Le face-\u00e0-face entre les deux hommes penche l\u00e9g\u00e8rement en faveur de Musetti qui a remport\u00e9 les trois derniers matchs (<strong data-start=\"1871\" data-end=\"1878\">3-2<\/strong>), mais le seul duel en dur, disput\u00e9 <strong data-start=\"1915\" data-end=\"1956\">en indoor lors de la Coupe Davis 2022<\/strong>, avait tourn\u00e9 pour Fritz (7-6, 6-3).<\/p>\n<p data-start=\"2003\" data-end=\"2349\">En soir\u00e9e, <strong data-start=\"2014\" data-end=\"2031\">Jannik Sinner<\/strong> d\u00e9bute la d\u00e9fense de son titre face \u00e0 <strong data-start=\"2070\" data-end=\"2095\">F\u00e9lix Auger-Aliassime<\/strong>, un adversaire qu\u2019il conna\u00eet bien. L\u2019Italien m\u00e8ne le face-\u00e0-face (<strong data-start=\"2162\" data-end=\"2169\">3-2<\/strong>), fort de trois victoires r\u00e9centes \u00e0 <strong data-start=\"2207\" data-end=\"2221\">Cincinnati<\/strong>, <strong data-start=\"2223\" data-end=\"2236\">l\u2019US Open<\/strong> et <a href=\"https:\/\/www.universtennis.com\/2025\/11\/02\/rolex-paris-masters-sinner-triomphe-face-a-auger-aliassime-en-finale\/\" target=\"_blank\" rel=\"noopener\"><strong data-start=\"2240\" data-end=\"2255\">Paris<\/strong><\/a> il y a une semaine (6-4, 7-6).<\/p>\n<p data-start=\"2003\" data-end=\"2349\">Malgr\u00e9 la d\u00e9faite, le Canadien avait confi\u00e9 apr\u00e8s le match : \u00ab Pour moi, il n\u2019y a pas un grand \u00e9cart. \u00c0 chaque match, je me rapproche. Ce match \u00e9tait plus serr\u00e9 que les pr\u00e9c\u00e9dents. Tout se joue sur la qualit\u00e9 de son service et de son retour. \u00bb<\/p>\n<p data-start=\"2538\" data-end=\"2884\">Toujours redoutable en indoor, <strong data-start=\"2569\" data-end=\"2588\">Auger-Aliassime<\/strong> pourrait inqui\u00e9ter le n\u00b01 mondial, mais <strong data-start=\"2629\" data-end=\"2639\">Sinner<\/strong>, en qu\u00eate d\u2019un second sacre cons\u00e9cutif, reste l\u2019immense favori. L\u2019Italien doit m\u00eame <strong data-start=\"2724\" data-end=\"2746\">remporter le titre<\/strong> pour esp\u00e9rer terminer n\u00b01 en fin d\u2019ann\u00e9e \u2014 un objectif qui d\u00e9pendra toutefois des performances de Carlos Alcaraz cette semaine.<\/p>\n","protected":false},"excerpt":{"rendered":"Deuxi\u00e8me journ\u00e9e \u00e0 Turin pour les ATP Finals 2025. Le Groupe Jimmy Connors et le Groupe Bj\u00f6rn Borg&hellip;\n","protected":false},"author":2,"featured_media":524653,"comment_status":"","ping_status":"","sticky":false,"template":"","format":"standard","meta":{"footnotes":""},"categories":[1415],"tags":[62964,1011,27,60,1467],"class_list":{"0":"post-524652","1":"post","2":"type-post","3":"status-publish","4":"format-standard","5":"has-post-thumbnail","7":"category-tennis","8":"tag-atp-finals","9":"tag-fr","10":"tag-france","11":"tag-sports","12":"tag-tennis"},"share_on_mastodon":{"url":"https:\/\/pubeurope.com\/@fr\/115524813015996359","error":""},"_links":{"self":[{"href":"https:\/\/www.europesays.com\/fr\/wp-json\/wp\/v2\/posts\/524652","targetHints":{"allow":["GET"]}}],"collection":[{"href":"https:\/\/www.europesays.com\/fr\/wp-json\/wp\/v2\/posts"}],"about":[{"href":"https:\/\/www.europesays.com\/fr\/wp-json\/wp\/v2\/types\/post"}],"author":[{"embeddable":true,"href":"https:\/\/www.europesays.com\/fr\/wp-json\/wp\/v2\/users\/2"}],"replies":[{"embeddable":true,"href":"https:\/\/www.europesays.com\/fr\/wp-json\/wp\/v2\/comments?post=524652"}],"version-history":[{"count":0,"href":"https:\/\/www.europesays.com\/fr\/wp-json\/wp\/v2\/posts\/524652\/revisions"}],"wp:featuredmedia":[{"embeddable":true,"href":"https:\/\/www.europesays.com\/fr\/wp-json\/wp\/v2\/media\/524653"}],"wp:attachment":[{"href":"https:\/\/www.europesays.com\/fr\/wp-json\/wp\/v2\/media?parent=524652"}],"wp:term":[{"taxonomy":"category","embeddable":true,"href":"https:\/\/www.europesays.com\/fr\/wp-json\/wp\/v2\/categories?post=524652"},{"taxonomy":"post_tag","embeddable":true,"href":"https:\/\/www.europesays.com\/fr\/wp-json\/wp\/v2\/tags?post=524652"}],"curies":[{"name":"wp","href":"https:\/\/api.w.org\/{rel}","templated":true}]}}