{"id":524656,"date":"2025-11-10T10:02:14","date_gmt":"2025-11-10T10:02:14","guid":{"rendered":"https:\/\/www.europesays.com\/fr\/524656\/"},"modified":"2025-11-10T10:02:14","modified_gmt":"2025-11-10T10:02:14","slug":"ol-psg-corentin-tolisso-et-le-frere-de-tyler-morton-allument-les-arbitres-de-ligue-1","status":"publish","type":"post","link":"https:\/\/www.europesays.com\/fr\/524656\/","title":{"rendered":"OL-PSG : Corentin Tolisso et le fr\u00e8re de Tyler Morton allument les arbitres de Ligue 1"},"content":{"rendered":"<p>La col\u00e8re lyonnaise ne s\u2019est pas arr\u00eat\u00e9e aux fronti\u00e8res du vestiaire. Dans la nuit, c\u2019est Nathan Morton, fr\u00e8re de Tyler Morton, qui a pris la parole sur le r\u00e9seau social X (ancien Twitter). Son message, cinglant et sans d\u00e9tour, a vite fait le tour des r\u00e9seaux avant d\u2019\u00eatre supprim\u00e9 quelques heures plus tard.<\/p>\n<p>\u00ab Je le dis semaine apr\u00e8s semaine : les arbitres de ce championnat sont une v\u00e9ritable honte et cela g\u00e2che parfois le niveau g\u00e9n\u00e9ral de la comp\u00e9tition. Ils sont pr\u00eats \u00e0 tout pour changer les d\u00e9cisions et se mettre en avant, car sinon, ils sont, comme d\u2019habitude, totalement incomp\u00e9tents (\u2026) Je ne suis pas surpris. La faute sur Tessmann et la main sont des signes clairs qu\u2019ils ne veulent pas contrarier les cadors du championnat \u00bb, a indiqu\u00e9 le fr\u00e8re du milieu de terrain lyonnais.<\/p>\n<p>Des mots lourds de sens, partag\u00e9s par de nombreux internautes, qui estiment que les grands clubs b\u00e9n\u00e9ficient encore trop souvent d\u2019un \u00ab traitement de faveur \u00bb. Le message a ensuite disparu, mais le mal \u00e9tait fait : la tension autour de l\u2019arbitrage fran\u00e7ais continue de grandir.<\/p>\n","protected":false},"excerpt":{"rendered":"La col\u00e8re lyonnaise ne s\u2019est pas arr\u00eat\u00e9e aux fronti\u00e8res du vestiaire. Dans la nuit, c\u2019est Nathan Morton, fr\u00e8re&hellip;\n","protected":false},"author":2,"featured_media":524657,"comment_status":"","ping_status":"","sticky":false,"template":"","format":"standard","meta":{"footnotes":""},"categories":[1410],"tags":[64470,64468,63,1011,27,66,2428,91,60,64469],"class_list":{"0":"post-524656","1":"post","2":"type-post","3":"status-publish","4":"format-standard","5":"has-post-thumbnail","7":"category-football","8":"tag-b-bastien","9":"tag-c-tolisso","10":"tag-football","11":"tag-fr","12":"tag-france","13":"tag-ligue-1","14":"tag-lyon","15":"tag-paris-saint-germain","16":"tag-sports","17":"tag-t-morton"},"share_on_mastodon":{"url":"https:\/\/pubeurope.com\/@fr\/115524832171065628","error":""},"_links":{"self":[{"href":"https:\/\/www.europesays.com\/fr\/wp-json\/wp\/v2\/posts\/524656","targetHints":{"allow":["GET"]}}],"collection":[{"href":"https:\/\/www.europesays.com\/fr\/wp-json\/wp\/v2\/posts"}],"about":[{"href":"https:\/\/www.europesays.com\/fr\/wp-json\/wp\/v2\/types\/post"}],"author":[{"embeddable":true,"href":"https:\/\/www.europesays.com\/fr\/wp-json\/wp\/v2\/users\/2"}],"replies":[{"embeddable":true,"href":"https:\/\/www.europesays.com\/fr\/wp-json\/wp\/v2\/comments?post=524656"}],"version-history":[{"count":0,"href":"https:\/\/www.europesays.com\/fr\/wp-json\/wp\/v2\/posts\/524656\/revisions"}],"wp:featuredmedia":[{"embeddable":true,"href":"https:\/\/www.europesays.com\/fr\/wp-json\/wp\/v2\/media\/524657"}],"wp:attachment":[{"href":"https:\/\/www.europesays.com\/fr\/wp-json\/wp\/v2\/media?parent=524656"}],"wp:term":[{"taxonomy":"category","embeddable":true,"href":"https:\/\/www.europesays.com\/fr\/wp-json\/wp\/v2\/categories?post=524656"},{"taxonomy":"post_tag","embeddable":true,"href":"https:\/\/www.europesays.com\/fr\/wp-json\/wp\/v2\/tags?post=524656"}],"curies":[{"name":"wp","href":"https:\/\/api.w.org\/{rel}","templated":true}]}}