{"id":524658,"date":"2025-11-10T10:03:09","date_gmt":"2025-11-10T10:03:09","guid":{"rendered":"https:\/\/www.europesays.com\/fr\/524658\/"},"modified":"2025-11-10T10:03:09","modified_gmt":"2025-11-10T10:03:09","slug":"eva-longoria-decollete-xxl-et-changement-capillaire-retro-la-star-meconnaissable-au-global-gift-gala-a-paris","status":"publish","type":"post","link":"https:\/\/www.europesays.com\/fr\/524658\/","title":{"rendered":"Eva Longoria : d\u00e9collet\u00e9 XXL et changement capillaire r\u00e9tro, la star m\u00e9connaissable au Global Gift Gala \u00e0 Paris"},"content":{"rendered":"<p>Sous les lumi\u00e8res \u00e9tincelantes de l\u2019h\u00f4tel George V, <a href=\"https:\/\/www.closermag.fr\/people\/cannes-j4-eva-longoria-tetons-en-vue-et-decollete-interminable-ses-looks-plus-chauds-les-uns-que-les-autres-3549328\" rel=\"nofollow noopener\" target=\"_blank\"><br \/>\nEva Longoria a fait sensation comme d&rsquo;habitude<\/a> ! Elle se<br \/>\ntrouvait au milieu d\u2019un parterre de personnalit\u00e9s. L\u2019actrice a une<br \/>\nnouvelle fois prouv\u00e9 que glamour et engagement peuvent aller de<br \/>\npair. Pour cette soir\u00e9e dont elle est l\u2019une des figures<br \/>\nembl\u00e9matiques, elle a choisi un look inspir\u00e9 des grandes ic\u00f4nes<br \/>\nhollywoodiennes.<\/p>\n<p data-start=\"713\" data-end=\"1243\">Mais l\u2019\u00e9l\u00e9gance n\u2019\u00e9tait pas le<br \/>\nseul atout de la star ce soir-l\u00e0. Eva Longoria, ambassadrice de<br \/>\nlongue date du Global Gift Foundation, a rappel\u00e9 son engagement<br \/>\naupr\u00e8s des causes <strong>solidaires<\/strong>. L\u2019organisation a \u00e9t\u00e9<br \/>\nfond\u00e9e par Mar\u00eda Bravo et soutenue par l\u2019actrice depuis ses d\u00e9buts.<br \/>\nElle se consacre \u00e0 am\u00e9liorer le quotidien des femmes et des enfants<br \/>\nvuln\u00e9rables \u00e0 travers le monde.<\/p>\n<blockquote class=\"instagram-media\" style=\"background: #ffffff;border: 0;margin: 1px;width: 100%;padding: 0;max-width: 500px;\" data-instgrm-permalink=\"https:\/\/www.instagram.com\/p\/DQ2Byc7DCGN\/\" data-instgrm-version=\"14\"\/><p>\nEva Longoria \u00e9blouit sur le<br \/>\ntapis bleu parisien<\/p>\n<p data-start=\"205\" data-end=\"715\">Samedi 8 novembre, Eva Longoria<br \/>\na illumin\u00e9 le Paris Global Gift Gala, rendez-vous caritatif<br \/>\nprestigieux dont elle assure la pr\u00e9sidence d\u2019honneur, organis\u00e9 \u00e0<br \/>\nl\u2019h\u00f4tel George V.<\/p>\n<p data-start=\"205\" data-end=\"715\">Pour l\u2019occasion, l\u2019actrice de<br \/>\n<a href=\"https:\/\/www.closermag.fr\/tests\/etes-vous-un-fan-inconteste-de-la-serie-desperate-housewives\" rel=\"nofollow noopener\" target=\"_blank\"><br \/>\nDesperate Housewives<\/a> a<br \/>\nopt\u00e9 pour un look glamour et sophistiqu\u00e9\u202f: <strong>une robe<br \/>\nmoulante parsem\u00e9e de perles<\/strong>, mettant en valeur un<br \/>\nd\u00e9collet\u00e9 audacieux. Chaque d\u00e9tail de sa tenue respirait<br \/>\nl\u2019\u00e9l\u00e9gance, de ses boucles d\u2019oreilles argent\u00e9es \u00e0 son<br \/>\n<strong>bracelet<\/strong> assorti et aux multiples bagues qui<br \/>\nornaient ses doigts.<\/p>\n<p>Un<br \/>\nstyle r\u00e9tro digne d\u2019Hollywood<\/p>\n<p data-start=\"756\" data-end=\"1260\">Reprenant les codes de la mode<br \/>\ndes ann\u00e9es 1920, Eva Longoria avait adopt\u00e9 un carr\u00e9 court ondul\u00e9 \u00e0<br \/>\nla mani\u00e8re d\u2019Old Hollywood, encadrant parfaitement son visage<br \/>\nradieux. Son <strong>maquillage<\/strong>, \u00e0 la fois classique et<br \/>\naudacieux, soulignait ses l\u00e8vres d\u2019un rouge intense qui captait<br \/>\ntous les regards.<\/p>\n<p>La star am\u00e9ricaine a ainsi partag\u00e9 la sc\u00e8ne avec plusieurs<br \/>\nc\u00e9l\u00e9brit\u00e9s fran\u00e7aises, parmi lesquelles <a href=\"https:\/\/www.closermag.fr\/people\/slimane-apres-les-accusations-le-retour-en-grace-du-chanteur-3569783https:\/\/www.closermag.fr\/people\/slimane-apres-les-accusations-le-retour-en-grace-du-chanteur-3569783\" rel=\"nofollow noopener\" target=\"_blank\"><br \/>\nSlimane<\/a>, Claudio Cap\u00e9o et Joyce Jonathan. Elle a offert un<br \/>\nmoment de glamour et de style inoubliable sur le tapis bleu.<\/p>\n<p>Diaporama<br \/>\n<img decoding=\"async\" class=\"diapo_img img-responsive lazy-load\" loading=\"lazy\" src=\"https:\/\/www.europesays.com\/fr\/wp-content\/uploads\/2025\/11\/bestimage_00731747_000008.jpg\"\/><\/p>\n<p>\u00a9 Marc Ausset-Lacroix\/Bestimage<\/p>\n<p>1\/6 Eva Longoria brille \u00e0 Paris.<\/p>\n<p>Samedi 8 novembre, l\u2019actrice am\u00e9ricaine a fait sensation au<br \/>\nParis Global Gift Gala, \u00e9v\u00e9nement caritatif prestigieux qu\u2019elle<br \/>\npr\u00e9side, \u00e0 l\u2019h\u00f4tel George V.\u00a0<\/p>\n<p><img decoding=\"async\" class=\"diapo_img img-responsive lazy-load\" loading=\"lazy\" src=\"https:\/\/www.europesays.com\/fr\/wp-content\/uploads\/2025\/11\/bestimage_00731747_000004.jpg\"\/><\/p>\n<p>\u00a9 Marc Ausset-Lacroix\/Bestimage<\/p>\n<p>2\/6 Une robe qui fait tourner les t\u00eates.<\/p>\n<p>Eva Longoria a choisi une robe ajust\u00e9e orn\u00e9e de perles<br \/>\nscintillantes, sublimant un d\u00e9collet\u00e9 audacieux et apportant une<br \/>\ntouche raffin\u00e9e \u00e0 son look.<\/p>\n<p><img decoding=\"async\" class=\"diapo_img img-responsive lazy-load\" loading=\"lazy\" src=\"https:\/\/www.europesays.com\/fr\/wp-content\/uploads\/2025\/11\/bestimage_00731747_000013.jpg\"\/><\/p>\n<p>\u00a9 Marc Ausset-Lacroix\/Bestimage<\/p>\n<p>3\/6 Accessoires parfaitement choisis.<\/p>\n<p>Boucles d\u2019oreilles argent\u00e9es, bracelet d\u00e9licat et bagues<br \/>\nmultiples\u2026 chaque \u00e9l\u00e9ment de sa tenue renfor\u00e7ait l\u2019\u00e9l\u00e9gance de son<br \/>\nstyle.<\/p>\n<p><img decoding=\"async\" class=\"diapo_img img-responsive lazy-load\" loading=\"lazy\" src=\"https:\/\/www.europesays.com\/fr\/wp-content\/uploads\/2025\/11\/bestimage_00731747_000003.jpg\"\/><\/p>\n<p>\u00a9 Marc Ausset-Lacroix\/Bestimage<\/p>\n<p>4\/6 Inspir\u00e9e par les ann\u00e9es 1920.<\/p>\n<p>Son carr\u00e9 court ondul\u00e9, rappelant le glamour d\u2019Old Hollywood,<br \/>\nencadrait son visage lumineux avec une sophistication r\u00e9tro<br \/>\nin\u00e9gal\u00e9e.<\/p>\n<p><img decoding=\"async\" class=\"diapo_img img-responsive lazy-load\" loading=\"lazy\" src=\"https:\/\/www.europesays.com\/fr\/wp-content\/uploads\/2025\/11\/bestimage_00731747_000012.jpg\"\/><\/p>\n<p>\u00a9 Marc Ausset-Lacroix\/Bestimage<\/p>\n<p>5\/6 Rouge intense et regard captivant.<\/p>\n<p>Ses l\u00e8vres rouges flamboyantes ajoutaient une touche classique<br \/>\net irr\u00e9sistible \u00e0 son visage radieux, captant tous les regards.<\/p>\n<p><img decoding=\"async\" class=\"diapo_img img-responsive lazy-load\" loading=\"lazy\" src=\"https:\/\/www.europesays.com\/fr\/wp-content\/uploads\/2025\/11\/bestimage_00731747_000032.jpg\"\/><\/p>\n<p>\u00a9 Marc Ausset-Lacroix\/Bestimage<\/p>\n<p>6\/6 Glamour partag\u00e9 avec les c\u00e9l\u00e9brit\u00e9s<br \/>\nfran\u00e7aises.<\/p>\n<p>Eva Longoria a c\u00f4toy\u00e9 Slimane, Claudio Cap\u00e9o et Joyce Jonathan,<br \/>\noffrant un moment de style et d\u2019\u00e9l\u00e9gance inoubliable sur le tapis<br \/>\nbleu.<\/p>\n<p><script async src=\"\/\/www.instagram.com\/embed.js\"><\/script><\/p>\n","protected":false},"excerpt":{"rendered":"Sous les lumi\u00e8res \u00e9tincelantes de l\u2019h\u00f4tel George V, Eva Longoria a fait sensation comme d&rsquo;habitude ! Elle se&hellip;\n","protected":false},"author":2,"featured_media":524659,"comment_status":"","ping_status":"","sticky":false,"template":"","format":"standard","meta":{"footnotes":""},"categories":[1359],"tags":[58,59,6724,1011,27,1638,973],"class_list":{"0":"post-524658","1":"post","2":"type-post","3":"status-publish","4":"format-standard","5":"has-post-thumbnail","7":"category-people","8":"tag-divertissement","9":"tag-entertainment","10":"tag-eva-longoria","11":"tag-fr","12":"tag-france","13":"tag-has_diapo","14":"tag-people"},"share_on_mastodon":{"url":"https:\/\/pubeurope.com\/@fr\/115524837888024024","error":""},"_links":{"self":[{"href":"https:\/\/www.europesays.com\/fr\/wp-json\/wp\/v2\/posts\/524658","targetHints":{"allow":["GET"]}}],"collection":[{"href":"https:\/\/www.europesays.com\/fr\/wp-json\/wp\/v2\/posts"}],"about":[{"href":"https:\/\/www.europesays.com\/fr\/wp-json\/wp\/v2\/types\/post"}],"author":[{"embeddable":true,"href":"https:\/\/www.europesays.com\/fr\/wp-json\/wp\/v2\/users\/2"}],"replies":[{"embeddable":true,"href":"https:\/\/www.europesays.com\/fr\/wp-json\/wp\/v2\/comments?post=524658"}],"version-history":[{"count":0,"href":"https:\/\/www.europesays.com\/fr\/wp-json\/wp\/v2\/posts\/524658\/revisions"}],"wp:featuredmedia":[{"embeddable":true,"href":"https:\/\/www.europesays.com\/fr\/wp-json\/wp\/v2\/media\/524659"}],"wp:attachment":[{"href":"https:\/\/www.europesays.com\/fr\/wp-json\/wp\/v2\/media?parent=524658"}],"wp:term":[{"taxonomy":"category","embeddable":true,"href":"https:\/\/www.europesays.com\/fr\/wp-json\/wp\/v2\/categories?post=524658"},{"taxonomy":"post_tag","embeddable":true,"href":"https:\/\/www.europesays.com\/fr\/wp-json\/wp\/v2\/tags?post=524658"}],"curies":[{"name":"wp","href":"https:\/\/api.w.org\/{rel}","templated":true}]}}