{"id":524662,"date":"2025-11-10T10:06:28","date_gmt":"2025-11-10T10:06:28","guid":{"rendered":"https:\/\/www.europesays.com\/fr\/524662\/"},"modified":"2025-11-10T10:06:28","modified_gmt":"2025-11-10T10:06:28","slug":"je-naime-pas-cette-nana-patrick-sebastien-regle-ses-comptes-avec-lea-salame-apres-avoir-ete-invite-dans-son-emission","status":"publish","type":"post","link":"https:\/\/www.europesays.com\/fr\/524662\/","title":{"rendered":"\u00ab\u00a0Je n&rsquo;aime pas cette nana\u00a0\u00bb : Patrick S\u00e9bastien r\u00e8gle ses comptes avec L\u00e9a Salam\u00e9 apr\u00e8s avoir \u00e9t\u00e9 invit\u00e9 dans son \u00e9mission"},"content":{"rendered":"<p>En pleine promotion de son <strong>livre M\u00eame pas peur<\/strong>, paru aux \u00e9ditions XO le 16 octobre dernier, <a href=\"https:\/\/www.public.fr\/tag\/patrick-sebastien\" target=\"_blank\" rel=\"noopener\"><strong>Patrick S\u00e9bastien<\/strong><\/a> encha\u00eene les interviews. <\/p>\n<p>Ce dimanche 9 novembre 2025, l&rsquo;animateur vedette \u00e9tait ainsi l&rsquo;invit\u00e9 du <a href=\"https:\/\/www.instagram.com\/lecrayonmedia\/\" target=\"_blank\" rel=\"noreferrer noopener\"><strong>Crayon<\/strong><\/a>. Au cours de cet entretien avec le m\u00e9dia, il a pu se pr\u00eater au jeu du \u00ab\u00a0<strong>Peuple ou pas peuple ?<\/strong>\u00ab\u00a0<\/p>\n<p>L\u00e9a Salam\u00e9 dans le viseur de Patrick S\u00e9bastien<\/p>\n<p>S&rsquo;il a d&rsquo;abord d\u00e9clar\u00e9 que Kylian Mbapp\u00e9 \u00e9tait un repr\u00e9sentant du \u00ab\u00a0peuple\u00a0\u00bb, il n&rsquo;a ensuite pas m\u00e2ch\u00e9 ses mots concernant <a href=\"https:\/\/www.public.fr\/tag\/lea-salame\" target=\"_blank\" rel=\"noopener\"><strong>L\u00e9a Salam\u00e9<\/strong><\/a>.<\/p>\n<p>\u00ab\u00a0Tu m&rsquo;avais dit qu&rsquo;on ne dirait pas de gros mots\u00a0\u00bb, a-t-il lanc\u00e9 avant de partager sans filtre tout ce qu&rsquo;il pense de la c\u00e9l\u00e8bre journaliste : \u00ab\u00a0<strong>Je n&rsquo;aime pas cette nana pour 1000 raisons<\/strong>\u00ab\u00a0.<\/p>\n<p>Patrick S\u00e9bastien aurait une dent contre la pr\u00e9sentatrice du 20 heures de France 2 depuis leur derni\u00e8re rencontre. La raison ? Un malentendu \u00e0 propos de son ouvrage.<\/p>\n<p>\u00ab\u00a0<strong>Je me suis retrouv\u00e9 en face d&rsquo;elle dans une \u00e9mission o\u00f9 elle a pris mon bouquin en disant : &lsquo;Mais vous avez dit que toutes les femmes sont des salopes&rsquo;<\/strong>\u00ab\u00a0, s&rsquo;est souvenu l&rsquo;ami de Cyril Hanouna qui aurait ensuite r\u00e9pondu : \u00ab\u00a0Ah bon ? Faites-moi voir \u00e0 quelle page. <strong>Je n&rsquo;ai jamais \u00e9crit \u00e7a<\/strong>\u00ab\u00a0. <\/p>\n<p>Plut\u00f4t que de fournir une preuve concr\u00e8te, L\u00e9a Salam\u00e9 aurait simplement expliqu\u00e9 avoir \u00ab\u00a0oubli\u00e9 (s)on livre \u00e0 la maison\u00a0\u00bb. Une attitude qui aurait agac\u00e9 son interlocuteur. <\/p>\n<p>Jean-Luc M\u00e9lenchon en prend pour son grade<\/p>\n<p>En plus de L\u00e9a Salam\u00e9, Patrick S\u00e9bastien s&rsquo;en est \u00e9galement pris \u00e0 Jean-Luc M\u00e9lenchon. \u00ab\u00a0Il a une partie de conviction, c&rsquo;est s\u00fbr. Mais surtout l\u00e0, <strong>il a trouv\u00e9 un r\u00e9servoir \u00e0 thune avec les musulmans<\/strong> parce qu&rsquo;il faut savoir que les partis politiques sont r\u00e9tribu\u00e9s par nous en fonction du nombre de voix. L\u00e0, tant qu&rsquo;il flatte les musulmans, il a toutes les voix des musulmans donc \u00e7a fait de la thune. Je ne dis pas que c&rsquo;est sa motivation premi\u00e8re, mais \u00e7a y fait beaucoup\u00a0\u00bb, a-t-il d\u00e9clar\u00e9. <\/p>\n<p>Et de conclure : \u00ab\u00a0Il y a un truc qui me g\u00eane dans les Insoumis. Moi, je suis un insoumis. Eux, ils sont soumis \u00e0 leur chef. Tu ne devrais pas t&rsquo;appeler les Insoumis, <strong>ils sont soumis aux d\u00e9cisions de M\u00e9lenchon<\/strong>. C&rsquo;est pour \u00e7a qu&rsquo;il y en a qui se sont barr\u00e9s.\u00a0\u00bb Un avis tranch\u00e9 !<\/p>\n<p>\n          Hits &amp; People en continu\n        <\/p>\n<p>\n          Public Radio\n        <\/p>\n<p>      Mentionn\u00e9s dans cet article<\/p>\n<p>      Sur le m\u00eame sujet<\/p>\n<p>  <script async src=\"\/\/www.instagram.com\/embed.js\"><\/script><\/p>\n","protected":false},"excerpt":{"rendered":"En pleine promotion de son livre M\u00eame pas peur, paru aux \u00e9ditions XO le 16 octobre dernier, Patrick&hellip;\n","protected":false},"author":2,"featured_media":524663,"comment_status":"","ping_status":"","sticky":false,"template":"","format":"standard","meta":{"footnotes":""},"categories":[1356],"tags":[58,59,1011,27,3806,6097,252,1364],"class_list":{"0":"post-524662","1":"post","2":"type-post","3":"status-publish","4":"format-standard","5":"has-post-thumbnail","7":"category-television","8":"tag-divertissement","9":"tag-entertainment","10":"tag-fr","11":"tag-france","12":"tag-lea-salame","13":"tag-patrick-sebastien","14":"tag-television","15":"tag-tv"},"share_on_mastodon":{"url":"https:\/\/pubeurope.com\/@fr\/115524847887054015","error":""},"_links":{"self":[{"href":"https:\/\/www.europesays.com\/fr\/wp-json\/wp\/v2\/posts\/524662","targetHints":{"allow":["GET"]}}],"collection":[{"href":"https:\/\/www.europesays.com\/fr\/wp-json\/wp\/v2\/posts"}],"about":[{"href":"https:\/\/www.europesays.com\/fr\/wp-json\/wp\/v2\/types\/post"}],"author":[{"embeddable":true,"href":"https:\/\/www.europesays.com\/fr\/wp-json\/wp\/v2\/users\/2"}],"replies":[{"embeddable":true,"href":"https:\/\/www.europesays.com\/fr\/wp-json\/wp\/v2\/comments?post=524662"}],"version-history":[{"count":0,"href":"https:\/\/www.europesays.com\/fr\/wp-json\/wp\/v2\/posts\/524662\/revisions"}],"wp:featuredmedia":[{"embeddable":true,"href":"https:\/\/www.europesays.com\/fr\/wp-json\/wp\/v2\/media\/524663"}],"wp:attachment":[{"href":"https:\/\/www.europesays.com\/fr\/wp-json\/wp\/v2\/media?parent=524662"}],"wp:term":[{"taxonomy":"category","embeddable":true,"href":"https:\/\/www.europesays.com\/fr\/wp-json\/wp\/v2\/categories?post=524662"},{"taxonomy":"post_tag","embeddable":true,"href":"https:\/\/www.europesays.com\/fr\/wp-json\/wp\/v2\/tags?post=524662"}],"curies":[{"name":"wp","href":"https:\/\/api.w.org\/{rel}","templated":true}]}}