{"id":524664,"date":"2025-11-10T10:08:23","date_gmt":"2025-11-10T10:08:23","guid":{"rendered":"https:\/\/www.europesays.com\/fr\/524664\/"},"modified":"2025-11-10T10:08:23","modified_gmt":"2025-11-10T10:08:23","slug":"lorie-traquee-jusque-chez-elle-son-pere-raconte-les-derives-inq","status":"publish","type":"post","link":"https:\/\/www.europesays.com\/fr\/524664\/","title":{"rendered":"Lorie traqu\u00e9e jusque chez elle ? Son p\u00e8re raconte les d\u00e9rives inq &#8230;"},"content":{"rendered":"<p>EN BREF<\/p>\n<ul class=\"bloc_resume_post_list\">\n<li>Lorie Poster, r\u00e9v\u00e9l\u00e9e au d\u00e9but des ann\u00e9es 2000, a vu sa<br \/>\ncarri\u00e8re d\u00e9coller gr\u00e2ce \u00e0 l\u00a0\u00bbinfluence de Britney Spears et au<br \/>\nproducteur Johnny Williams.<\/li>\n<li>Son premier single &lsquo;Pr\u00e8s de moi&rsquo; a connu un succ\u00e8s<br \/>\nfulgurant en 2001, restant dans le Top 10 pendant 24 semaines<br \/>\ncons\u00e9cutives.<\/li>\n<li>Dans Sept \u00e0 huit, son p\u00e8re se souvient d&rsquo;avoir retrouv\u00e9 \u00e0<br \/>\nl&rsquo;\u00e9poque dans son salon une femme et ses enfants qui souhaitaient<br \/>\nvoir Lorie.<\/li>\n<\/ul>\n<p class=\"p1\">Apr\u00e8s des passages discrets \u00e0 la t\u00e9l\u00e9vision \u00e0 la fin<br \/>\ndes ann\u00e9es 90, <a href=\"https:\/\/www.telestar.fr\/people\/exclu.-lorie-pester-leve-le-voile-sur-sa-reconversion-tres-inattendue-684734\" target=\"_blank\" rel=\"noopener\"><br \/>\nLorie<\/a> grimpe peu \u00e0 peu les \u00e9chelons. Une chanteuse venue<br \/>\nd&rsquo;Am\u00e9rique va indirectement <strong>propulser sa carri\u00e8re<\/strong><br \/>\nd&rsquo;un coup d&rsquo;acc\u00e9l\u00e9rateur. Inspir\u00e9 par le carton ph\u00e9nom\u00e9nal de<br \/>\nBritney Spears, le producteur Johnny Williams cherche une artiste<br \/>\nfran\u00e7aise capable de susciter l&rsquo;enthousiasme des foules en<br \/>\nFrance.<\/p>\n<p class=\"p1\">Ce sera Lorie Poster. Si <strong>le premier titre de<br \/>\nla chanteuse, Pr\u00e8s de moi<\/strong>, n&rsquo;enthousiasme d&rsquo;abord<br \/>\npar les maisons de disques et les radios, les internautes se<br \/>\nlaissent gagner par la fi\u00e8vre. Au printemps 2001, le<br \/>\nsingle caracole dans le Top 10 du hit parade pendant 24 semaines<br \/>\ncons\u00e9cutive. C&rsquo;est le d\u00e9but d&rsquo;<strong>un tourbillon<br \/>\nm\u00e9diatique<\/strong> vertigineux&#8230;<\/p>\n<p>Lorie : ces fans un peu trop intrusifs selon son p\u00e8re<\/p>\n<p>Il est plus que jamais n\u00e9cessaire de segmenter vie priv\u00e9e et vie<br \/>\nprofessionnelle lorsque le succ\u00e8s s&rsquo;en m\u00eale. Si elle a r\u00e9ussi \u00e0<br \/>\ns\u00e9parer les deux, <a href=\"https:\/\/www.telestar.fr\/people\/video-lorie-pester-pourquoi-je-leve-le-tabou-sur-mon-endometriose-379177\" target=\"_blank\" rel=\"noopener\"><br \/>\nl&rsquo;artiste qui souffre d&rsquo;endom\u00e9triose<\/a><strong>\u00a0a<br \/>\nmalheureusement \u00e9t\u00e9 victime de l&rsquo;intrusion de certains<br \/>\nfans<\/strong> dans la sph\u00e8re familiale. \u00ab\u00a0Un jour, on \u00e9tait \u00e0 la<br \/>\nmaison, \u00e0 l&rsquo;\u00e9tage, et puis on entend du bruit\u00a0\u00bb, t\u00e9moigne<br \/>\n<strong>Dominique Pester, le p\u00e8re de la chanteuse<\/strong> dans le<br \/>\nnum\u00e9ro de <strong>Sept \u00e0 huit diffus\u00e9 ce dimanche 9<\/strong><br \/>\nnovembre 2025.<\/p>\n<p>Il poursuit : \u00ab\u00a0Je vois <strong>une dame avec des enfants<br \/>\ndans notre salon<\/strong>, qui voulait voir Lorie. \u00c7a surprend<br \/>\nquand m\u00eame. Donc on a expliqu\u00e9 gentiment \u00e0 cette personne qu&rsquo;elle<br \/>\nn&rsquo;\u00e9tait pas l\u00e0, et qu&rsquo;il ne fallait pas non plus rentrer chez les<br \/>\ngens comme \u00e7a.\u00a0\u00bb Plus de peur que de mal&#8230;<\/p>\n<p>Lorie : une star qui a les pieds sur<br \/>\nterre<\/p>\n<p>La c\u00e9l\u00e9brit\u00e9 a permis \u00e0 <a href=\"https:\/\/www.telestar.fr\/serie-tv\/lorie-pester-demain-nous-appartient-pourquoi-les-spectateurs-vont-etre-surpris-a-son-retour-dans-la-serie-578051\" target=\"_blank\" rel=\"noopener\"><br \/>\nl&rsquo;interpr\u00e8te de J&rsquo;ai besoin d&rsquo;amour<\/a> de <strong>vivre<br \/>\nses r\u00eaves les plus fous<\/strong>. De Miami au Mexique, en passant<br \/>\nTahiti, la plan\u00e8te est tr\u00e8s vite devenue une gigantesque sc\u00e8ne \u00e0<br \/>\nconqu\u00e9rir. \u00ab\u00a0Pendant un mois, <strong>on a fait le tour du<br \/>\nmonde<\/strong>, on a fait des concerts, on remplissait \u00e0 l&rsquo;autre<br \/>\nbout du monde des stades et des hippodromes. C&rsquo;\u00e9tait dingue\u00a0\u00bb,<br \/>\nse souvient aujourd&rsquo;hui Lorie.<\/p>\n<p>Malgr\u00e9 tout, l&rsquo;ex-compagne de Garou <strong>a gard\u00e9 les pieds<br \/>\nsur terre<\/strong>. \u00ab\u00a0Elle aurait pu prendre la grosse t\u00eate.<br \/>\nElle aurait pu prendre facilement une autre fa\u00e7on de vivre par<br \/>\nrapport \u00e0 nous, \u00e9tudiantes. A aucun moment, finalement, gr\u00e2ce \u00e0 ses<br \/>\nparents, gr\u00e2ce \u00e0 ta famille, gr\u00e2ce \u00e0 tes amis, \u00e7a lui a permis de<br \/>\n<strong>toujours de rester la m\u00eame<\/strong>\u00ab\u00a0, assure sa<br \/>\nmeilleure amie. Dominique Pester compl\u00e8te : \u00ab\u00a0Quand c&rsquo;\u00e9tait<br \/>\nfini, <strong>on rentrait \u00e0 la maison, et il fallait quand m\u00eame<br \/>\nfaire la vaisselle<\/strong> et mettre la table pour manger\u00a0\u00bb.<br \/>\nLa vie d&rsquo;une famille \u00ab\u00a0normale\u00a0\u00bb.<\/p>\n","protected":false},"excerpt":{"rendered":"EN BREF Lorie Poster, r\u00e9v\u00e9l\u00e9e au d\u00e9but des ann\u00e9es 2000, a vu sa carri\u00e8re d\u00e9coller gr\u00e2ce \u00e0 l\u00a0\u00bbinfluence&hellip;\n","protected":false},"author":2,"featured_media":524665,"comment_status":"","ping_status":"","sticky":false,"template":"","format":"standard","meta":{"footnotes":""},"categories":[1355],"tags":[548,58,59,1011,27,1361,873,17978],"class_list":{"0":"post-524664","1":"post","2":"type-post","3":"status-publish","4":"format-standard","5":"has-post-thumbnail","7":"category-musique","8":"tag-article-simple","9":"tag-divertissement","10":"tag-entertainment","11":"tag-fr","12":"tag-france","13":"tag-music","14":"tag-musique","15":"tag-sept-a-huit"},"share_on_mastodon":{"url":"https:\/\/pubeurope.com\/@fr\/115524855759286336","error":""},"_links":{"self":[{"href":"https:\/\/www.europesays.com\/fr\/wp-json\/wp\/v2\/posts\/524664","targetHints":{"allow":["GET"]}}],"collection":[{"href":"https:\/\/www.europesays.com\/fr\/wp-json\/wp\/v2\/posts"}],"about":[{"href":"https:\/\/www.europesays.com\/fr\/wp-json\/wp\/v2\/types\/post"}],"author":[{"embeddable":true,"href":"https:\/\/www.europesays.com\/fr\/wp-json\/wp\/v2\/users\/2"}],"replies":[{"embeddable":true,"href":"https:\/\/www.europesays.com\/fr\/wp-json\/wp\/v2\/comments?post=524664"}],"version-history":[{"count":0,"href":"https:\/\/www.europesays.com\/fr\/wp-json\/wp\/v2\/posts\/524664\/revisions"}],"wp:featuredmedia":[{"embeddable":true,"href":"https:\/\/www.europesays.com\/fr\/wp-json\/wp\/v2\/media\/524665"}],"wp:attachment":[{"href":"https:\/\/www.europesays.com\/fr\/wp-json\/wp\/v2\/media?parent=524664"}],"wp:term":[{"taxonomy":"category","embeddable":true,"href":"https:\/\/www.europesays.com\/fr\/wp-json\/wp\/v2\/categories?post=524664"},{"taxonomy":"post_tag","embeddable":true,"href":"https:\/\/www.europesays.com\/fr\/wp-json\/wp\/v2\/tags?post=524664"}],"curies":[{"name":"wp","href":"https:\/\/api.w.org\/{rel}","templated":true}]}}