{"id":524676,"date":"2025-11-10T10:15:17","date_gmt":"2025-11-10T10:15:17","guid":{"rendered":"https:\/\/www.europesays.com\/fr\/524676\/"},"modified":"2025-11-10T10:15:17","modified_gmt":"2025-11-10T10:15:17","slug":"un-nageur-mordu-par-un-requin-aux-marquises","status":"publish","type":"post","link":"https:\/\/www.europesays.com\/fr\/524676\/","title":{"rendered":"Un nageur mordu par un requin aux Marquises"},"content":{"rendered":"<p>Dans l\u2019archipel des Marquises, en <a href=\"https:\/\/www.20minutes.fr\/dossier\/polynesie-francaise\" class=\"c-link c-link--is-underlined\" target=\"_blank\" rel=\"noopener\">Polyn\u00e9sie fran\u00e7aise<\/a>, le dernier accident similaire s\u2019\u00e9tait produit en juillet dans le secteur de Nuku Hiva. U<a href=\"https:\/\/www.20minutes.fr\/monde\/4165488-20250727-polynesie-francaise-enfant-7-ans-mordu-requin\" class=\"c-link c-link--is-underlined\" target=\"_blank\" rel=\"noopener\">n enfant de 7 ans avait alors \u00e9t\u00e9 mordu au bras et \u00e0 la jambe<\/a> par un requin. L\u2019enfant nageait dans une zone o\u00f9 les p\u00eacheurs jettent leurs d\u00e9chets de poissons.<\/p>\n<p>Ce dimanche, <a href=\"https:\/\/www.20minutes.fr\/dossier\/requin\" class=\"c-link c-link--is-underlined\" target=\"_blank\" rel=\"noopener\">un requin<\/a>, dont l\u2019esp\u00e8ce n\u2019a pas \u00e9t\u00e9 identifi\u00e9e, a mordu un nageur au bras sur une autre \u00eele de l\u2019archipel, a d\u00e9clar\u00e9 \u00e0 l\u2019AFP une professionnelle de sant\u00e9, confirmant une information de la cha\u00eene locale <a href=\"https:\/\/www.20minutes.fr\/dossier\/polynesie\" class=\"c-link c-link--is-underlined\" target=\"_blank\" rel=\"noopener\">Polyn\u00e9sie<\/a> Premi\u00e8re.<\/p>\n<\/p>\n<p>Le quadrag\u00e9naire, dentiste sur l\u2019\u00eele de Ua Pou, nageait dans la baie de Hakahau lorsqu\u2019il a \u00e9t\u00e9 mordu profond\u00e9ment au niveau du biceps. \u00ab\u00a0Il n\u2019\u00e9tait pas en \u00e9tat de choc, il savait que c\u2019\u00e9tait grave mais il a ma\u00eetris\u00e9 ses \u00e9motions et son angoisse\u00a0\u00bb, a t\u00e9moign\u00e9 Tahia Ah-Lo, professionnelle de sant\u00e9 \u00e0 Ua Pou. D\u2019abord secouru par d\u2019autres baigneurs, il a \u00e9t\u00e9 \u00e9vacu\u00e9 par h\u00e9licopt\u00e8re vers Nuku Hiva, qui dispose d\u2019un h\u00f4pital. Ses jours ne sont pas en danger.<\/p>\n<p>Pour rappel &#8211; et pour rassurer aussi les futurs touristes qui vont se rendre sur l\u2019archipel \u2013, les <a href=\"https:\/\/www.20minutes.fr\/planete\/4178420-20251010-canada-contender-plus-grand-requin-blanc-monde-repere-nord-ocean-atlantique\" target=\"_blank\" class=\"c-link c-link--is-underlined\" rel=\"noopener\">morsures graves sont rares<\/a> en Polyn\u00e9sie, o\u00f9 plongeurs p\u00eacheurs sous-marins c\u00f4toient les requins au quotidien. \u00ab\u00a0On a d\u00e9j\u00e0 eu des morsures, mais la derni\u00e8re \u00e0 Ua Pou, c\u2019\u00e9tait un surfeur, il y a une bonne quinzaine d\u2019ann\u00e9es\u00a0\u00bb, se souvient Tahia Ah-Lo, infirmi\u00e8re depuis trente-huit ans sur cette \u00eele.<\/p>\n","protected":false},"excerpt":{"rendered":"Dans l\u2019archipel des Marquises, en Polyn\u00e9sie fran\u00e7aise, le dernier accident similaire s\u2019\u00e9tait produit en juillet dans le secteur&hellip;\n","protected":false},"author":2,"featured_media":524677,"comment_status":"","ping_status":"","sticky":false,"template":"","format":"standard","meta":{"footnotes":""},"categories":[5],"tags":[47,11,15109,4511,118,1011,27,14,6127,12,24933,13049,6030,32882,602,28],"class_list":{"0":"post-524676","1":"post","2":"type-post","3":"status-publish","4":"format-standard","5":"has-post-thumbnail","7":"category-international","8":"tag-actualite","9":"tag-actualites","10":"tag-baignade","11":"tag-danger","12":"tag-faits-divers","13":"tag-fr","14":"tag-france","15":"tag-international","16":"tag-mer","17":"tag-news","18":"tag-polynesie","19":"tag-polynesie-francaise","20":"tag-protection-des-animaux","21":"tag-requin","22":"tag-tourisme","23":"tag-world"},"share_on_mastodon":{"url":"https:\/\/pubeurope.com\/@fr\/115524883298115077","error":""},"_links":{"self":[{"href":"https:\/\/www.europesays.com\/fr\/wp-json\/wp\/v2\/posts\/524676","targetHints":{"allow":["GET"]}}],"collection":[{"href":"https:\/\/www.europesays.com\/fr\/wp-json\/wp\/v2\/posts"}],"about":[{"href":"https:\/\/www.europesays.com\/fr\/wp-json\/wp\/v2\/types\/post"}],"author":[{"embeddable":true,"href":"https:\/\/www.europesays.com\/fr\/wp-json\/wp\/v2\/users\/2"}],"replies":[{"embeddable":true,"href":"https:\/\/www.europesays.com\/fr\/wp-json\/wp\/v2\/comments?post=524676"}],"version-history":[{"count":0,"href":"https:\/\/www.europesays.com\/fr\/wp-json\/wp\/v2\/posts\/524676\/revisions"}],"wp:featuredmedia":[{"embeddable":true,"href":"https:\/\/www.europesays.com\/fr\/wp-json\/wp\/v2\/media\/524677"}],"wp:attachment":[{"href":"https:\/\/www.europesays.com\/fr\/wp-json\/wp\/v2\/media?parent=524676"}],"wp:term":[{"taxonomy":"category","embeddable":true,"href":"https:\/\/www.europesays.com\/fr\/wp-json\/wp\/v2\/categories?post=524676"},{"taxonomy":"post_tag","embeddable":true,"href":"https:\/\/www.europesays.com\/fr\/wp-json\/wp\/v2\/tags?post=524676"}],"curies":[{"name":"wp","href":"https:\/\/api.w.org\/{rel}","templated":true}]}}