{"id":524680,"date":"2025-11-10T10:17:13","date_gmt":"2025-11-10T10:17:13","guid":{"rendered":"https:\/\/www.europesays.com\/fr\/524680\/"},"modified":"2025-11-10T10:17:13","modified_gmt":"2025-11-10T10:17:13","slug":"sa-mise-en-liberte-sous-controle-judiciaire-requise-par-le-parquet-general-decision-a-13-h-30-liberation","status":"publish","type":"post","link":"https:\/\/www.europesays.com\/fr\/524680\/","title":{"rendered":"sa mise en libert\u00e9 sous contr\u00f4le judiciaire requise par le parquet g\u00e9n\u00e9ral, d\u00e9cision \u00e0 13\u00a0h\u00a030 \u2013 Lib\u00e9ration"},"content":{"rendered":"<p class=\"sc-cPiKLX AiZTS text-element\"><a href=\"https:\/\/www.liberation.fr\/politique\/financement-libyen-nicolas-sarkozy-convoque-en-vue-de-son-incarceration-20251013_TYOI53BQBRCB3KFV6IAIXNACRI\/\" target=\"_blank\" rel=\"noreferrer noopener\" title=\"https:\/\/www.liberation.fr\/politique\/financement-libyen-nicolas-sarkozy-convoque-en-vue-de-son-incarceration-20251013_TYOI53BQBRCB3KFV6IAIXNACRI\/\">Incarc\u00e9r\u00e9 depuis vingt jours<\/a> apr\u00e8s sa condamnation dans l\u2019affaire du financement libyen de sa campagne pr\u00e9sidentielle, Nicolas Sarkozy pourrait sortir de prison ce lundi 10\u00a0novembre. Le parquet g\u00e9n\u00e9ral a en effet requis dans la matin\u00e9e sa mise en libert\u00e9 sous contr\u00f4le judiciaire, dans le cadre de <a href=\"https:\/\/www.liberation.fr\/societe\/police-justice\/nicolas-sarkozy-pourrait-sortir-de-prison-des-ce-lundi-20251109_VO753FIQWZC6TPTFM4UXHDZBF4\/\" target=\"_blank\" rel=\"noreferrer noopener\" title=\"https:\/\/www.liberation.fr\/societe\/police-justice\/nicolas-sarkozy-pourrait-sortir-de-prison-des-ce-lundi-20251109_VO753FIQWZC6TPTFM4UXHDZBF4\/\">l\u2019examen de la demande de l\u2019ancien pr\u00e9sident de la R\u00e9publique <\/a>par la cour d\u2019appel de Paris.<\/p>\n<p class=\"sc-cPiKLX AiZTS text-element\">\u00abLes risques de concertation frauduleuse, de pression sur les t\u00e9moins fondent des r\u00e9quisitions sous fins de placement sous contr\u00f4le judiciaire\u00bb, a d\u00e9clar\u00e9 l\u2019avocat g\u00e9n\u00e9ral Damien Brunet, en demandant que \u00absoit fait droit \u00e0 la demande de Nicolas Sarkozy\u00bb d\u2019\u00eatre mis en libert\u00e9. La d\u00e9cision doit \u00eatre rendue \u00e0 13\u00a0h\u00a030.<\/p>\n<p class=\"sc-cPiKLX AiZTS text-element\">Nicolas Sarkozy a \u00e9t\u00e9 incarc\u00e9r\u00e9 depuis le 21\u00a0octobre \u00e0 la prison de la Sant\u00e9, \u00e0 Paris. L\u2019ancien chef de l\u2019Etat n\u2019a pas \u00e9t\u00e9 extrait pour l\u2019audience de ce lundi, qui a d\u00e9but\u00e9 \u00e0 9\u00a0h\u00a030, et compara\u00eet en visioconf\u00e9rence, offrant par \u00e9cran interpos\u00e9 la premi\u00e8re image de l\u2019histoire d\u2019un ancien pr\u00e9sident de la R\u00e9publique en prison, en veste bleu fonc\u00e9, pull et chemise. \u00abC\u2019est dur, c\u2019est tr\u00e8s dur, \u00e7a l\u2019est certainement pour tout d\u00e9tenu, je dirais m\u00eame que c\u2019est \u00e9reintant\u00bb, a expliqu\u00e9 \u00e0 la cour Nicolas Sarkozy \u00e0 propos de sa d\u00e9tention, qu\u2019il qualifie de \u00abcauchemar\u00bb. Il a n\u00e9anmoins rendu hommage au personnel p\u00e9nitentiaire qui a \u00abrendu ce cauchemar [\u2026] supportable\u00bb.<\/p>\n<p class=\"sc-cPiKLX AiZTS text-element\">\u00abC\u2019est la d\u00e9tention qui constitue une menace pour Nicolas Sarkozy, pas le contraire\u00bb, a d\u00e9clar\u00e9 lundi un de ses avocats, Me Christophe Ingrain, lors de l\u2019audience. C\u2019est ce qui lui vaut d\u2019\u00eatre <a href=\"https:\/\/www.liberation.fr\/checknews\/dans-quelles-conditions-nicolas-sarkozy-sera-t-il-incarcere-20251001_ZVAZQ4OMFZGFRGFXDM7RF7J6XQ\/\" target=\"_blank\" rel=\"noreferrer noopener\" title=\"https:\/\/www.liberation.fr\/checknews\/dans-quelles-conditions-nicolas-sarkozy-sera-t-il-incarcere-20251001_ZVAZQ4OMFZGFRGFXDM7RF7J6XQ\/\">plac\u00e9 \u00e0 l\u2019isolement<\/a>\u00bb en prison et de b\u00e9n\u00e9ficier de la protection de deux agents en d\u00e9tention. Le conseil a \u00e9galement \u00e9num\u00e9r\u00e9 les diff\u00e9rents crit\u00e8res sur lesquels la cour d\u2019appel de Paris doit se pencher pour d\u00e9cider de son maintien ou pas en d\u00e9tention.<\/p>\n<p class=\"sc-cPiKLX AiZTS text-element\">Selon l\u2019article\u00a0144 du code de proc\u00e9dure p\u00e9nale, le maintien en d\u00e9tention n\u2019est possible que s\u2019il est l\u2019\u00abunique moyen\u00bb de prot\u00e9ger des preuves, d\u2019emp\u00eacher pressions ou concertations, de pr\u00e9venir fuite ou r\u00e9cidive, ou de le prot\u00e9ger. Autrement, l\u2019ancien pr\u00e9sident devra \u00eatre remis en libert\u00e9 sous contr\u00f4le judiciaire, \u00e9ventuellement assign\u00e9 \u00e0 r\u00e9sidence avec un bracelet \u00e9lectronique. En cas de feu vert de la justice, Nicolas Sarkozy, 70\u00a0ans, pourrait \u00eatre lib\u00e9r\u00e9 dans la foul\u00e9e de l\u2019audience.<\/p>\n<p class=\"sc-cPiKLX AiZTS text-element\">L\u2019ancien champion de la droite a \u00e9t\u00e9 <a href=\"https:\/\/www.liberation.fr\/societe\/police-justice\/en-direct-incarceration-de-nicolas-sarkozy-le-jour-ou-un-ex-president-est-alle-en-prison-20251021_K6HE35D3SBBDDH56ULNH4V7LFM\/\" target=\"_blank\" rel=\"noreferrer noopener\" title=\"https:\/\/www.liberation.fr\/societe\/police-justice\/en-direct-incarceration-de-nicolas-sarkozy-le-jour-ou-un-ex-president-est-alle-en-prison-20251021_K6HE35D3SBBDDH56ULNH4V7LFM\/\">incarc\u00e9r\u00e9 un peu moins d\u2019un mois apr\u00e8s sa condamnation<\/a> le 25\u00a0septembre \u00e0 cinq\u00a0ans de prison ferme pour association de malfaiteurs dans le proc\u00e8s libyen. Le tribunal correctionnel de Paris l\u2019a reconnu coupable d\u2019avoir sciemment laiss\u00e9 ses collaborateurs d\u00e9marcher la Libye de Mouammar Kadhafi pour solliciter un <a href=\"https:\/\/www.liberation.fr\/societe\/police-justice\/proces-du-financement-libyen-nicolas-sarkozy-a-la-peine-face-aux-traces-des-flux-financiers-suspects-20250210_62ARE4JDVVAYXAE3OKVPU2GBIQ\/\" target=\"_blank\" rel=\"noreferrer noopener\" title=\"https:\/\/www.liberation.fr\/societe\/police-justice\/proces-du-financement-libyen-nicolas-sarkozy-a-la-peine-face-aux-traces-des-flux-financiers-suspects-20250210_62ARE4JDVVAYXAE3OKVPU2GBIQ\/\">financement occulte de sa campagne pr\u00e9sidentielle<\/a> victorieuse de\u00a02007. Il a aussit\u00f4t fait appel. Cette d\u00e9tention in\u00e9dite pour un ex-pr\u00e9sident de la R\u00e9publique a suscit\u00e9 de vifs d\u00e9bats. Il s\u2019agit aussi d\u2019une premi\u00e8re dans l\u2019Union europ\u00e9enne, o\u00f9 aucun ancien chef d\u2019Etat n\u2019a connu l\u2019emprisonnement.<\/p>\n","protected":false},"excerpt":{"rendered":"Incarc\u00e9r\u00e9 depuis vingt jours apr\u00e8s sa condamnation dans l\u2019affaire du financement libyen de sa campagne pr\u00e9sidentielle, Nicolas Sarkozy&hellip;\n","protected":false},"author":2,"featured_media":524681,"comment_status":"","ping_status":"","sticky":false,"template":"","format":"standard","meta":{"footnotes":""},"categories":[2],"tags":[11,1011,27,4367,12,3091,899,5062],"class_list":{"0":"post-524680","1":"post","2":"type-post","3":"status-publish","4":"format-standard","5":"has-post-thumbnail","7":"category-actualites","8":"tag-actualites","9":"tag-fr","10":"tag-france","11":"tag-libye","12":"tag-news","13":"tag-nicolas-sarkozy","14":"tag-prisons","15":"tag-sarkozy-face-a-la-justice"},"share_on_mastodon":{"url":"https:\/\/pubeurope.com\/@fr\/115524891193127254","error":""},"_links":{"self":[{"href":"https:\/\/www.europesays.com\/fr\/wp-json\/wp\/v2\/posts\/524680","targetHints":{"allow":["GET"]}}],"collection":[{"href":"https:\/\/www.europesays.com\/fr\/wp-json\/wp\/v2\/posts"}],"about":[{"href":"https:\/\/www.europesays.com\/fr\/wp-json\/wp\/v2\/types\/post"}],"author":[{"embeddable":true,"href":"https:\/\/www.europesays.com\/fr\/wp-json\/wp\/v2\/users\/2"}],"replies":[{"embeddable":true,"href":"https:\/\/www.europesays.com\/fr\/wp-json\/wp\/v2\/comments?post=524680"}],"version-history":[{"count":0,"href":"https:\/\/www.europesays.com\/fr\/wp-json\/wp\/v2\/posts\/524680\/revisions"}],"wp:featuredmedia":[{"embeddable":true,"href":"https:\/\/www.europesays.com\/fr\/wp-json\/wp\/v2\/media\/524681"}],"wp:attachment":[{"href":"https:\/\/www.europesays.com\/fr\/wp-json\/wp\/v2\/media?parent=524680"}],"wp:term":[{"taxonomy":"category","embeddable":true,"href":"https:\/\/www.europesays.com\/fr\/wp-json\/wp\/v2\/categories?post=524680"},{"taxonomy":"post_tag","embeddable":true,"href":"https:\/\/www.europesays.com\/fr\/wp-json\/wp\/v2\/tags?post=524680"}],"curies":[{"name":"wp","href":"https:\/\/api.w.org\/{rel}","templated":true}]}}