{"id":524682,"date":"2025-11-10T10:18:07","date_gmt":"2025-11-10T10:18:07","guid":{"rendered":"https:\/\/www.europesays.com\/fr\/524682\/"},"modified":"2025-11-10T10:18:07","modified_gmt":"2025-11-10T10:18:07","slug":"saint-etienne-un-important-panache-de-fumee-visible-dans-le-ciel-gros-dispositif-deploye","status":"publish","type":"post","link":"https:\/\/www.europesays.com\/fr\/524682\/","title":{"rendered":"Saint-\u00c9tienne. Un important panache de fum\u00e9e visible dans le ciel, gros dispositif d\u00e9ploy\u00e9"},"content":{"rendered":"<p>            Par<br \/>\n        <strong><br \/>\n            <a href=\"https:\/\/actu.fr\/auteur\/julien-sournies\" title=\"Consulter tous les articles de Julien Sournies\" rel=\"nofollow noopener\" target=\"_blank\">Julien Sournies<\/a><br \/>\n        <\/strong><\/p>\n<p>        Publi\u00e9 le<\/p>\n<p>            10 nov. 2025 \u00e0 10h23        <\/p>\n<p>Un gros panache de fum\u00e9e \u00e9tait visible dans le ciel de Saint-Victor-sur-Loire, pr\u00e8s de <a href=\"https:\/\/actu.fr\/saint-etienne\/\" rel=\"nofollow noopener\" target=\"_blank\">Saint-\u00c9tienne<\/a>, et ses alentours durant de longues heures.<\/p>\n<p class=\" wall-content\">Peu avant 22h30 ce dimanche 9 novembre, un incendie, g\u00e9n\u00e9rant un \u00ab\u00a0important d\u00e9gagement de fum\u00e9es\u00a0\u00bb, s\u2019est d\u00e9clar\u00e9 au sein d\u2019un<strong> tunnel de stockage de fourrage de 250 m\u00b2<\/strong> sur une exploitation agricole.<\/p>\n<p>Un second tunnel de stockage \u00e9pargn\u00e9<\/p>\n<p class=\" wall-content\">\u00ab\u00a0Gr\u00e2ce \u00e0 la collaboration avec les exploitants agricoles qui ont mis leurs moyens \u00e0 disposition, 120 tonnes de fourrage ont d\u00e9j\u00e0 \u00e9t\u00e9 \u00e9vacu\u00e9es du tunnel. Quatre-vingts tonnes restent \u00e0 extraire pour permettre de faciliter les op\u00e9rations d\u2019extinction\u00a0\u00bb, informe le Sdis 42.<\/p>\n<p class=\" wall-content\">L\u2019action des sapeurs-pompiers a \u00e9galement permis de <strong>prot\u00e9ger un second tunnel de stockage<\/strong> situ\u00e9 \u00e0 proximit\u00e9. Les ressources en eau \u00e9tant limit\u00e9es sur le secteur, un groupe appui eau a par ailleurs \u00e9t\u00e9 d\u00e9ploy\u00e9 pour alimenter les deux lances.<\/p>\n<p>    <a href=\"https:\/\/www.google.com\/maps\/embed?pb=!1m18!1m12!1m3!1d32135.596702824274!2d4.236886456424474!3d45.440159669564736!2m3!1f0!2f0!3f0!3m2!1i1024!2i768!4f13.1!3m3!1m2!1s0x47f5b185e7a136ef%3A0xa6acaeb02c1aa0f1!2sSaint-Victor%20sur%20Loire%2C%2042230%20Saint-%C3%89tienne!5e1!3m2!1sfr!2sfr!4v1762766118695!5m2!1sfr!2sfr\" title=\"Ouvrie le lien\" rel=\"nofollow noopener\" target=\"_blank\">Cliquez ici pour visualiser le contenu<\/a><\/p>\n<p>Intervention toujours en cours<\/p>\n<p class=\" wall-content\">Si l\u2019incendie a pu \u00eatre ma\u00eetris\u00e9 par les soldats du feu, l\u2019intervention est toujours en cours et devrait se prolonger encore plusieurs heures \u00ab\u00a0en raison du volume important de mati\u00e8re \u00e0 traiter et du caract\u00e8re<strong> tr\u00e8s fumig\u00e8ne<\/strong> de ce type d\u2019incendie\u00a0\u00bb.<\/p>\n<p class=\" wall-content\"><strong>Aucune victime<\/strong> n\u2019est \u00e0 d\u00e9plorer.<\/p>\n<p>Votre r\u00e9gion, votre actu !<\/p>\n<p>Recevez chaque jour les infos qui comptent pour vous.<\/p>\n<p>\t<a href=\"https:\/\/actu.fr\/newsletter\" class=\"ac-btn ac-btn--corner ac-btn--medium ac-btn--blue800\" rel=\"nofollow noopener\" target=\"_blank\">S&rsquo;incrire<\/a><\/p>\n<p class=\" wall-content\">Au total, pas moins de 23 sapeurs-pompiers ont \u00e9t\u00e9 mobilis\u00e9s au cours de cette intervention.<\/p>\n<p class=\" wall-content\">Personnalisez votre actualit\u00e9 en ajoutant vos villes et m\u00e9dias en favori avec <a href=\"https:\/\/moncompte.actu.fr\" title=\"D\u00e9couvez Mon Actu\" rel=\"nofollow noopener\" data-trk=\"{&quot;cta&quot;:{&quot;action&quot;:&quot;https:\\\/\\\/moncompte.actu.fr&quot;,&quot;category&quot;:&quot;mon compte&quot;,&quot;from&quot;:&quot;article footer&quot;,&quot;name&quot;:&quot;Mon actu&quot;,&quot;type&quot;:&quot;cta&quot;}}\" target=\"_blank\">Mon Actu<\/a>.<\/p>\n","protected":false},"excerpt":{"rendered":"Par Julien Sournies Publi\u00e9 le 10 nov. 2025 \u00e0 10h23 Un gros panache de fum\u00e9e \u00e9tait visible dans&hellip;\n","protected":false},"author":2,"featured_media":524683,"comment_status":"","ping_status":"","sticky":false,"template":"","format":"standard","meta":{"footnotes":""},"categories":[9653],"tags":[1111,11,2430,1777,674,118,1011,27,1310,12,1311,25,4001],"class_list":{"0":"post-524682","1":"post","2":"type-post","3":"status-publish","4":"format-standard","5":"has-post-thumbnail","7":"category-saint-etienne","8":"tag-actu","9":"tag-actualites","10":"tag-auvergne-rhone-alpes","11":"tag-eu","12":"tag-europe","13":"tag-faits-divers","14":"tag-fr","15":"tag-france","16":"tag-incendie","17":"tag-news","18":"tag-pompiers","19":"tag-republique-francaise","20":"tag-saint-etienne"},"share_on_mastodon":{"url":"https:\/\/pubeurope.com\/@fr\/115524895232559245","error":""},"_links":{"self":[{"href":"https:\/\/www.europesays.com\/fr\/wp-json\/wp\/v2\/posts\/524682","targetHints":{"allow":["GET"]}}],"collection":[{"href":"https:\/\/www.europesays.com\/fr\/wp-json\/wp\/v2\/posts"}],"about":[{"href":"https:\/\/www.europesays.com\/fr\/wp-json\/wp\/v2\/types\/post"}],"author":[{"embeddable":true,"href":"https:\/\/www.europesays.com\/fr\/wp-json\/wp\/v2\/users\/2"}],"replies":[{"embeddable":true,"href":"https:\/\/www.europesays.com\/fr\/wp-json\/wp\/v2\/comments?post=524682"}],"version-history":[{"count":0,"href":"https:\/\/www.europesays.com\/fr\/wp-json\/wp\/v2\/posts\/524682\/revisions"}],"wp:featuredmedia":[{"embeddable":true,"href":"https:\/\/www.europesays.com\/fr\/wp-json\/wp\/v2\/media\/524683"}],"wp:attachment":[{"href":"https:\/\/www.europesays.com\/fr\/wp-json\/wp\/v2\/media?parent=524682"}],"wp:term":[{"taxonomy":"category","embeddable":true,"href":"https:\/\/www.europesays.com\/fr\/wp-json\/wp\/v2\/categories?post=524682"},{"taxonomy":"post_tag","embeddable":true,"href":"https:\/\/www.europesays.com\/fr\/wp-json\/wp\/v2\/tags?post=524682"}],"curies":[{"name":"wp","href":"https:\/\/api.w.org\/{rel}","templated":true}]}}