{"id":524684,"date":"2025-11-10T10:19:17","date_gmt":"2025-11-10T10:19:17","guid":{"rendered":"https:\/\/www.europesays.com\/fr\/524684\/"},"modified":"2025-11-10T10:19:17","modified_gmt":"2025-11-10T10:19:17","slug":"plethore-dabsents-pour-saint-etienne-contre-quetigny","status":"publish","type":"post","link":"https:\/\/www.europesays.com\/fr\/524684\/","title":{"rendered":"pl\u00e9thore d&rsquo;absents pour Saint-\u00c9tienne contre Quetigny"},"content":{"rendered":"<p>Irvin Cardona (Malte), Ebenezer Annan (Ghana), Mahmoud Jaber (Isra\u00ebl), Zuriko Davitashvili (G\u00e9orgie), Ben Old (Nouvelle-Z\u00e9lande), Lucas Stassin (Belgique U21), Axel Dodote (France U19), Nadir El Jamali (France U19), Lucas Gadegbeku (France U19) et Strahinja Stojkovic (Serbie U19) sont ainsi absents pour cette rencontre car appel\u00e9s avec leurs s\u00e9lections. Du monde en moins pour le staff des Verts, qui garde quand m\u00eame de s\u00e9rieux arguments pour \u00e9viter le pi\u00e8ge tendu par le club de C\u00f4te-d&rsquo;Or.<\/p>\n","protected":false},"excerpt":{"rendered":"Irvin Cardona (Malte), Ebenezer Annan (Ghana), Mahmoud Jaber (Isra\u00ebl), Zuriko Davitashvili (G\u00e9orgie), Ben Old (Nouvelle-Z\u00e9lande), Lucas Stassin (Belgique&hellip;\n","protected":false},"author":2,"featured_media":524685,"comment_status":"","ping_status":"","sticky":false,"template":"","format":"standard","meta":{"footnotes":""},"categories":[9653],"tags":[1111,11,2430,61432,1777,674,1011,27,12,25,4001],"class_list":{"0":"post-524684","1":"post","2":"type-post","3":"status-publish","4":"format-standard","5":"has-post-thumbnail","7":"category-saint-etienne","8":"tag-actu","9":"tag-actualites","10":"tag-auvergne-rhone-alpes","11":"tag-coupes-coupe-de-france","12":"tag-eu","13":"tag-europe","14":"tag-fr","15":"tag-france","16":"tag-news","17":"tag-republique-francaise","18":"tag-saint-etienne"},"share_on_mastodon":{"url":"https:\/\/pubeurope.com\/@fr\/115524898840250724","error":""},"_links":{"self":[{"href":"https:\/\/www.europesays.com\/fr\/wp-json\/wp\/v2\/posts\/524684","targetHints":{"allow":["GET"]}}],"collection":[{"href":"https:\/\/www.europesays.com\/fr\/wp-json\/wp\/v2\/posts"}],"about":[{"href":"https:\/\/www.europesays.com\/fr\/wp-json\/wp\/v2\/types\/post"}],"author":[{"embeddable":true,"href":"https:\/\/www.europesays.com\/fr\/wp-json\/wp\/v2\/users\/2"}],"replies":[{"embeddable":true,"href":"https:\/\/www.europesays.com\/fr\/wp-json\/wp\/v2\/comments?post=524684"}],"version-history":[{"count":0,"href":"https:\/\/www.europesays.com\/fr\/wp-json\/wp\/v2\/posts\/524684\/revisions"}],"wp:featuredmedia":[{"embeddable":true,"href":"https:\/\/www.europesays.com\/fr\/wp-json\/wp\/v2\/media\/524685"}],"wp:attachment":[{"href":"https:\/\/www.europesays.com\/fr\/wp-json\/wp\/v2\/media?parent=524684"}],"wp:term":[{"taxonomy":"category","embeddable":true,"href":"https:\/\/www.europesays.com\/fr\/wp-json\/wp\/v2\/categories?post=524684"},{"taxonomy":"post_tag","embeddable":true,"href":"https:\/\/www.europesays.com\/fr\/wp-json\/wp\/v2\/tags?post=524684"}],"curies":[{"name":"wp","href":"https:\/\/api.w.org\/{rel}","templated":true}]}}