{"id":524690,"date":"2025-11-10T10:26:21","date_gmt":"2025-11-10T10:26:21","guid":{"rendered":"https:\/\/www.europesays.com\/fr\/524690\/"},"modified":"2025-11-10T10:26:21","modified_gmt":"2025-11-10T10:26:21","slug":"a-six-fours-les-plages-des-espaces-pour-faciliter-lacces-au-numerique","status":"publish","type":"post","link":"https:\/\/www.europesays.com\/fr\/524690\/","title":{"rendered":"\u00c0 Six-Fours-les-Plages, des espaces pour faciliter l\u2019acc\u00e8s au num\u00e9rique"},"content":{"rendered":"<p>                    <img loading=\"lazy\" decoding=\"async\" src=\"https:\/\/www.europesays.com\/fr\/wp-content\/uploads\/2025\/11\/a713fda388fda69d869b4f5d5b0c41.jpg\" class=\"img-responsive post-image\" width=\"680\" height=\"510\" alt=\"\u00c0 Six-Fours-les-Plages,\" title=\" \u00c0 Six-Fours-les-Plages, des espaces pour faciliter l'acc\u00e8s au num\u00e9rique\"\/><\/p>\n<p class=\"chapo\">L\u2019acc\u00e8s au num\u00e9rique est aujourd\u2019hui incontournable.<\/p>\n<p>La plupart des d\u00e9marches administratives sont d\u00e9mat\u00e9rialis\u00e9es et bien souvent l\u2019acc\u00e8s aux droits devient complexe lorsqu\u2019on n\u2019est pas outill\u00e9 ou \u00e9loign\u00e9 du num\u00e9rique.<br class=\"texte\"\/><br \/>\nLa Ville s\u2019investit pour l\u2019inclusion num\u00e9rique en d\u00e9veloppant un projet capable de toucher le plus grand nombre de personnes en particulier celles non \u00e9quip\u00e9es, et\/ou celles qui ont besoin d\u2019\u00eatre accompagn\u00e9es. Ainsi, <strong>la commune propose espaces en libre acc\u00e8s disposant d\u2019une connexion internet, un accompagnement des administr\u00e9s dans leurs d\u00e9marches administratives et une sensibilisation \u00e0 l\u2019usage de ces outils<\/strong>. Ces espaces d\u00e9di\u00e9s au num\u00e9rique sont situ\u00e9s au rez-de-chauss\u00e9e de l\u2019h\u00f4tel de Ville et \u00e0 la Maison des Familles.<br class=\"autobr\"\/><br \/>\nIls permettent un acc\u00e8s \u00e0 Internet pour toute d\u00e9marche. Ils disposent d\u2019un ordinateur avec un \u00e9cran tactile en plus du clavier. Et des raccourcis aux sites principaux de d\u00e9marches en ligne (CAF, FRANCE CONNECT, ANTS, etc.) ainsi qu\u2019un acc\u00e8s aux sites administratifs principaux, aux actes administratifs r\u00e9glementaires (consultations d\u2019arr\u00eat\u00e9s municipaux, de d\u00e9lib\u00e9rations et rapport des conseils municipaux, etc.).<br class=\"autobr\"\/><br \/>\nPar ailleurs, l\u2019habilitation France Connect permet aux professionnels de la Maison des Familles de faire les d\u00e9marches en ligne, \u00ab\u00a0avec\u00a0\u00bb et \u00ab\u00a0\u00e0 la place de\u00a0\u00bb sur l\u2019ensemble des sites administratifs via France Connect. Cet accompagnement s\u2019adresse aux personnes les plus \u00e9loign\u00e9es du num\u00e9rique. Les donn\u00e9es personnelles des usagers sont utilis\u00e9es, avec leur accord.<\/p>\n<p> &#8212;&#8212;&#8212;&#8212;&#8212;-<\/p>\n<p> <br class=\"autobr\"\/><br \/>\n<strong>Du lundi au vendredi sur RDV \u2013 Maison des Familles\u00a0: 04 .94.34.93.70.<\/strong><br class=\"autobr\"\/><br \/>\nDans le cadre d\u2019un partenariat avec le CCAS, la Croix Rouge propose des RDV avec un conseiller num\u00e9rique pour aider les usagers \u00e0 mieux ma\u00eetriser les bases d\u2019internet par exemple\u00a0: cr\u00e9er une adresse e-mail, savoir la faire fonctionner, pratiquer la visiocommunication.<\/p>\n","protected":false},"excerpt":{"rendered":"L\u2019acc\u00e8s au num\u00e9rique est aujourd\u2019hui incontournable. La plupart des d\u00e9marches administratives sont d\u00e9mat\u00e9rialis\u00e9es et bien souvent l\u2019acc\u00e8s aux&hellip;\n","protected":false},"author":2,"featured_media":524691,"comment_status":"","ping_status":"","sticky":false,"template":"","format":"standard","meta":{"footnotes":""},"categories":[9619],"tags":[1111,11,2408,1777,674,1011,27,12,882,25,2310],"class_list":{"0":"post-524690","1":"post","2":"type-post","3":"status-publish","4":"format-standard","5":"has-post-thumbnail","7":"category-toulon","8":"tag-actu","9":"tag-actualites","10":"tag-appels-d","11":"tag-eu","12":"tag-europe","13":"tag-fr","14":"tag-france","15":"tag-news","16":"tag-provence-alpes-cote-dazur","17":"tag-republique-francaise","18":"tag-toulon"},"share_on_mastodon":{"url":"https:\/\/pubeurope.com\/@fr\/115524928496964432","error":""},"_links":{"self":[{"href":"https:\/\/www.europesays.com\/fr\/wp-json\/wp\/v2\/posts\/524690","targetHints":{"allow":["GET"]}}],"collection":[{"href":"https:\/\/www.europesays.com\/fr\/wp-json\/wp\/v2\/posts"}],"about":[{"href":"https:\/\/www.europesays.com\/fr\/wp-json\/wp\/v2\/types\/post"}],"author":[{"embeddable":true,"href":"https:\/\/www.europesays.com\/fr\/wp-json\/wp\/v2\/users\/2"}],"replies":[{"embeddable":true,"href":"https:\/\/www.europesays.com\/fr\/wp-json\/wp\/v2\/comments?post=524690"}],"version-history":[{"count":0,"href":"https:\/\/www.europesays.com\/fr\/wp-json\/wp\/v2\/posts\/524690\/revisions"}],"wp:featuredmedia":[{"embeddable":true,"href":"https:\/\/www.europesays.com\/fr\/wp-json\/wp\/v2\/media\/524691"}],"wp:attachment":[{"href":"https:\/\/www.europesays.com\/fr\/wp-json\/wp\/v2\/media?parent=524690"}],"wp:term":[{"taxonomy":"category","embeddable":true,"href":"https:\/\/www.europesays.com\/fr\/wp-json\/wp\/v2\/categories?post=524690"},{"taxonomy":"post_tag","embeddable":true,"href":"https:\/\/www.europesays.com\/fr\/wp-json\/wp\/v2\/tags?post=524690"}],"curies":[{"name":"wp","href":"https:\/\/api.w.org\/{rel}","templated":true}]}}