{"id":524700,"date":"2025-11-10T10:38:50","date_gmt":"2025-11-10T10:38:50","guid":{"rendered":"https:\/\/www.europesays.com\/fr\/524700\/"},"modified":"2025-11-10T10:38:50","modified_gmt":"2025-11-10T10:38:50","slug":"concert-protoje-a-rouen-2026","status":"publish","type":"post","link":"https:\/\/www.europesays.com\/fr\/524700\/","title":{"rendered":"Concert Protoje \u00e0 Rouen 2026"},"content":{"rendered":"<p class=\"intro\">Protoje en concert \u00e0 Rouen (Le 106 ), le 1 avril 2026. Toutes les informations pratiques (tarifs, billetterie, plan de salle) pour ce concert sont \u00e0 retrouver sur cette page. R\u00e9servez d\u00e8s maintenant vos places pour assister \u00e0 ce <a href=\"https:\/\/www.jds.fr\/rouen\/agenda\/musique-et-concerts-96_B\" rel=\"nofollow noopener\" target=\"_blank\">concert \u00e0 Rouen<\/a>\u00a0!<\/p>\n<p><img decoding=\"async\" loading=\"lazy\" src=\"https:\/\/www.europesays.com\/fr\/wp-content\/uploads\/2025\/11\/protoje-tickets_336134_2883156_222x222.jpg\" alt=\"Protoje\" class=\"border\"\/><\/p>\n<p>Le concert de Protoje \u00e0 Rouen en 2026<\/p>\n<p>Protoje en concert \u00e0 Rouen (Le 106) mercredi 1 Avril 2026 \u00e0 19h30.<\/p>\n<p>Protoje, artiste incontournable de la sc\u00e8ne reggae contemporaine, transcende le genre lors de ses concerts captivants. Reconnu pour sa pr\u00e9sence sc\u00e9nique dynamique, Protoje allie rythmes envo\u00fbtants et paroles engag\u00e9es, cr\u00e9ant une connexion unique avec son public. Son r\u00e9pertoire vari\u00e9, comprenant des titres phares et des nouveaut\u00e9s, offre une exp\u00e9rience musicale riche et inoubliable. L&rsquo;\u00e9nergie qu&rsquo;il d\u00e9gage sur sc\u00e8ne, soutenue par son groupe talentueux, transporte les spectateurs dans un voyage musical authentique et vibrant. Assister \u00e0 un concert de Protoje, c&rsquo;est plonger dans l&rsquo;essence m\u00eame du reggae moderne, o\u00f9 tradition et innovation se rencontrent harmonieusement.<\/p>\n<p class=\"mise_en_avant\">Protoje est r\u00e9guli\u00e8rement en tourn\u00e9e dans toute la France\u00a0: retrouvez les <a href=\"https:\/\/www.jds.fr\/artistes\/protoje-2578_N\" class=\"tde-underline\" rel=\"nofollow noopener\" target=\"_blank\">dates des prochains concerts de Protoje<\/a> pr\u00e8s de chez vous.<\/p>\n<p>Billetterie pour le concert de Protoje \u00e0 Rouen<\/p>\n<p><a class=\"btn btn-lg shadow-lg btn-primary rounded-pill fnac_link\" data-fnac=\"in_article\" href=\"https:\/\/www.awin1.com\/pclick.php?p=41557516105&amp;a=634278&amp;m=12494&amp;clickref=in_article-A-desktop\" target=\"_blank\" rel=\"nofollow noopener\"> Acheter des billets<\/a><\/p>\n<p>Les places pour le <strong>prochain concert de Protoje \u00e0 Rouen<\/strong> sont en vente sur la billetterie en ligne.<br \/>R\u00e9servez vos billets d\u00e8s maintenant pour vivre un moment de musique intense avec Protoje sur sc\u00e8ne\u00a0!<\/p>\n<p>Vous pouvez aussi r\u00e9server vos <a href=\"https:\/\/www.jds.fr\/orleans\/concerts\/reggae\/protoje-1198736_A\" rel=\"nofollow noopener\" target=\"_blank\">places pour le concert de Protoje \u00e0 Orl\u00e9ans<\/a>.<\/p>\n<p>Protoje<\/p>\n<p>On doit \u00e0 Protoje des hits qui ont marqu\u00e9 la sc\u00e8ne reggae actuelle (Who Knows, Rasta Love, Kingston Be Wise, Switch It Up, Really Like You&#8230;). Il s&rsquo;est rapidement \u00e9lev\u00e9 au rang de t\u00eate d&rsquo;affiche et s&rsquo;y maintient sans mal gr\u00e2ce \u00e0 la vision artistique singuli\u00e8re qu&rsquo;il applique \u00e0 son reggae teint\u00e9 de hip-hop, toujours surprenant, authentique et en avance sur son temps. Des fondations reggae solides et des valeurs fortes port\u00e9es par des exp\u00e9rimentations brillantes, la recette parfaite de Protoje \u00e0 vivre en live \u00e0 La Cigale\u00a0!<\/p>\n","protected":false},"excerpt":{"rendered":"Protoje en concert \u00e0 Rouen (Le 106 ), le 1 avril 2026. Toutes les informations pratiques (tarifs, billetterie,&hellip;\n","protected":false},"author":2,"featured_media":524701,"comment_status":"","ping_status":"","sticky":false,"template":"","format":"standard","meta":{"footnotes":""},"categories":[9587],"tags":[1111,11,1777,674,1011,27,12,5161,25,9590],"class_list":{"0":"post-524700","1":"post","2":"type-post","3":"status-publish","4":"format-standard","5":"has-post-thumbnail","7":"category-rouen","8":"tag-actu","9":"tag-actualites","10":"tag-eu","11":"tag-europe","12":"tag-fr","13":"tag-france","14":"tag-news","15":"tag-normandie","16":"tag-republique-francaise","17":"tag-rouen"},"share_on_mastodon":{"url":"https:\/\/pubeurope.com\/@fr\/115524979138341152","error":""},"_links":{"self":[{"href":"https:\/\/www.europesays.com\/fr\/wp-json\/wp\/v2\/posts\/524700","targetHints":{"allow":["GET"]}}],"collection":[{"href":"https:\/\/www.europesays.com\/fr\/wp-json\/wp\/v2\/posts"}],"about":[{"href":"https:\/\/www.europesays.com\/fr\/wp-json\/wp\/v2\/types\/post"}],"author":[{"embeddable":true,"href":"https:\/\/www.europesays.com\/fr\/wp-json\/wp\/v2\/users\/2"}],"replies":[{"embeddable":true,"href":"https:\/\/www.europesays.com\/fr\/wp-json\/wp\/v2\/comments?post=524700"}],"version-history":[{"count":0,"href":"https:\/\/www.europesays.com\/fr\/wp-json\/wp\/v2\/posts\/524700\/revisions"}],"wp:featuredmedia":[{"embeddable":true,"href":"https:\/\/www.europesays.com\/fr\/wp-json\/wp\/v2\/media\/524701"}],"wp:attachment":[{"href":"https:\/\/www.europesays.com\/fr\/wp-json\/wp\/v2\/media?parent=524700"}],"wp:term":[{"taxonomy":"category","embeddable":true,"href":"https:\/\/www.europesays.com\/fr\/wp-json\/wp\/v2\/categories?post=524700"},{"taxonomy":"post_tag","embeddable":true,"href":"https:\/\/www.europesays.com\/fr\/wp-json\/wp\/v2\/tags?post=524700"}],"curies":[{"name":"wp","href":"https:\/\/api.w.org\/{rel}","templated":true}]}}