{"id":524702,"date":"2025-11-10T10:40:26","date_gmt":"2025-11-10T10:40:26","guid":{"rendered":"https:\/\/www.europesays.com\/fr\/524702\/"},"modified":"2025-11-10T10:40:26","modified_gmt":"2025-11-10T10:40:26","slug":"isere-des-pilotes-de-drones-apprehendes-par-les-gendarmes-devant-la-prison-de-varces","status":"publish","type":"post","link":"https:\/\/www.europesays.com\/fr\/524702\/","title":{"rendered":"Is\u00e8re. Des pilotes de drones appr\u00e9hend\u00e9s par les gendarmes devant la prison de Varces"},"content":{"rendered":"<p>Les gendarmes de la compagnie de Grenoble ont appr\u00e9hend\u00e9 la semaine derni\u00e8re deux \u00e9quipes distinctes de\u00a0pilotes de drones qui tentaient de faire rentrer des objets dans la prison de Varces \u00e0 l\u2019aide de ces engins. La premi\u00e8re \u00e9quipe, constitu\u00e9e de trois jeunes gens majeurs et d\u2019un mineur, a \u00e9t\u00e9 interpell\u00e9e lundi 3\u00a0novembre \u00e0 proximit\u00e9 de l\u2019\u00e9tablissement p\u00e9nitentiaire. \u00c2g\u00e9s de 19 ans pour\u00a0deux d\u2019entre eux et de 20 ans pour un troisi\u00e8me, les trois suspects majeurs ont \u00e9t\u00e9 pr\u00e9sent\u00e9s mercredi 5\u00a0novembre au tribunal correctionnel dans le cadre d\u2019une audience de comparution imm\u00e9diate, le mineur \u00e9tant jug\u00e9 par un tribunal pour enfants. Le proc\u00e8s des trois majeurs a \u00e9t\u00e9 renvoy\u00e9 \u00e0 une date ult\u00e9rieure, ainsi que l\u2019a constat\u00e9 Le Dauphin\u00e9 Lib\u00e9r\u00e9.<\/p>\n<p>On a \u00e9galement appris que, 48 heures apr\u00e8s ces faits (qualifi\u00e9s de \u00ab\u00a0tentative de remise ou de sortie irr\u00e9guli\u00e8re de correspondance, somme d\u2019argent ou objet\u00a0\u00bb, ainsi que \u00ab\u00a0conduite d\u2019un a\u00e9ronef non conforme aux r\u00e8gles de s\u00e9curit\u00e9\u00a0\u00bb et \u00ab\u00a0engagement par le t\u00e9l\u00e9pilote d\u2019un a\u00e9ronef circulant sans \u00e9quipage \u00e0 bord au-dessus d\u2019une zone interdite\u00bb), trois autres jeunes gens ont \u00e9t\u00e9 interpell\u00e9s dans les m\u00eames circonstances deux jours plus tard.<\/p>\n<p>  Un enjeu important<\/p>\n<p>Ce sont donc au total sept pilotes de drones, tr\u00e8s probablement r\u00e9tribu\u00e9s au coup par coup par des <a href=\"https:\/\/www.ledauphine.com\/faits-divers-justice\/2025\/10\/02\/colis-livre-par-drone-a-la-prison-de-grenoble-varces-on-m-a-dit-si-tu-ne-le-recuperes-pas-tu-perdras-un-autre-doigt\" target=\"_blank\" rel=\"noopener\">commanditaires<\/a> en lien avec des d\u00e9tenus, qui ont \u00e9t\u00e9 plac\u00e9s en garde \u00e0 vue par les gendarmes\u00a0et qui sont donc poursuivis. Selon nos informations, c\u2019est le syst\u00e8me \u00e9lectronique permettant de localiser tr\u00e8s rapidement le drone en vol et de l\u2019intercepter mais aussi de remonter jusqu\u2019\u00e0 l\u2019\u00e9metteur et donc celui qui le pilote, qui a \u00e9t\u00e9 <a href=\"https:\/\/www.ledauphine.com\/faits-divers-justice\/2023\/08\/25\/prison-de-grenoble-varces-comment-l-administration-lutte-contre-les-livraisons-par-drone\" target=\"_blank\" rel=\"noopener\">utilis\u00e9 par l\u2019administration p\u00e9nitentiaire<\/a> la semaine derni\u00e8re \u00e0 Varces. L\u2019alerte a \u00e9t\u00e9 imm\u00e9diatement r\u00e9percut\u00e9e aux forces de gendarmerie qui sont intervenues dans les instants suivants. Voil\u00e0 plusieurs ann\u00e9es que les introductions d\u2019objets par drone dans les prisons sont un enjeu important pour les forces de l\u2019ordre, qui interpellent r\u00e9guli\u00e8rement des pilotes.<\/p>\n","protected":false},"excerpt":{"rendered":"Les gendarmes de la compagnie de Grenoble ont appr\u00e9hend\u00e9 la semaine derni\u00e8re deux \u00e9quipes distinctes de\u00a0pilotes de drones&hellip;\n","protected":false},"author":2,"featured_media":524703,"comment_status":"","ping_status":"","sticky":false,"template":"","format":"standard","meta":{"footnotes":""},"categories":[9566],"tags":[1111,11,2430,271,272,113,1777,674,274,107,1011,27,2731,108,7000,12,25,13056],"class_list":{"0":"post-524702","1":"post","2":"type-post","3":"status-publish","4":"format-standard","5":"has-post-thumbnail","7":"category-grenoble","8":"tag-actu","9":"tag-actualites","10":"tag-auvergne-rhone-alpes","11":"tag-crime","12":"tag-delit-et-contravention","13":"tag-edition-gresivaudan-oisans","14":"tag-eu","15":"tag-europe","16":"tag-faits-divers-justice","17":"tag-fil-info","18":"tag-fr","19":"tag-france","20":"tag-grenoble","21":"tag-isere","22":"tag-lagglomeration","23":"tag-news","24":"tag-republique-francaise","25":"tag-varces-allieres-et-risset"},"share_on_mastodon":{"url":"https:\/\/pubeurope.com\/@fr\/115524981432830294","error":""},"_links":{"self":[{"href":"https:\/\/www.europesays.com\/fr\/wp-json\/wp\/v2\/posts\/524702","targetHints":{"allow":["GET"]}}],"collection":[{"href":"https:\/\/www.europesays.com\/fr\/wp-json\/wp\/v2\/posts"}],"about":[{"href":"https:\/\/www.europesays.com\/fr\/wp-json\/wp\/v2\/types\/post"}],"author":[{"embeddable":true,"href":"https:\/\/www.europesays.com\/fr\/wp-json\/wp\/v2\/users\/2"}],"replies":[{"embeddable":true,"href":"https:\/\/www.europesays.com\/fr\/wp-json\/wp\/v2\/comments?post=524702"}],"version-history":[{"count":0,"href":"https:\/\/www.europesays.com\/fr\/wp-json\/wp\/v2\/posts\/524702\/revisions"}],"wp:featuredmedia":[{"embeddable":true,"href":"https:\/\/www.europesays.com\/fr\/wp-json\/wp\/v2\/media\/524703"}],"wp:attachment":[{"href":"https:\/\/www.europesays.com\/fr\/wp-json\/wp\/v2\/media?parent=524702"}],"wp:term":[{"taxonomy":"category","embeddable":true,"href":"https:\/\/www.europesays.com\/fr\/wp-json\/wp\/v2\/categories?post=524702"},{"taxonomy":"post_tag","embeddable":true,"href":"https:\/\/www.europesays.com\/fr\/wp-json\/wp\/v2\/tags?post=524702"}],"curies":[{"name":"wp","href":"https:\/\/api.w.org\/{rel}","templated":true}]}}