{"id":524708,"date":"2025-11-10T10:44:10","date_gmt":"2025-11-10T10:44:10","guid":{"rendered":"https:\/\/www.europesays.com\/fr\/524708\/"},"modified":"2025-11-10T10:44:10","modified_gmt":"2025-11-10T10:44:10","slug":"le-succes-de-cocoonr-leader-de-la-gestion-locative-depuis-rennes","status":"publish","type":"post","link":"https:\/\/www.europesays.com\/fr\/524708\/","title":{"rendered":"le succ\u00e8s de Cocoonr, leader de la gestion locative depuis Rennes"},"content":{"rendered":"<p>            Par<br \/>\n        <strong><br \/>\n            <a href=\"https:\/\/actu.fr\/auteur\/brian-legoff\" title=\"Consulter tous les articles de Brian Le Goff\" target=\"_blank\" rel=\"noopener\">Brian Le Goff<\/a><br \/>\n        <\/strong><\/p>\n<p>        Publi\u00e9 le<\/p>\n<p>            10 nov. 2025 \u00e0 11h00        <\/p>\n<p><strong>Du simple loueur de chambres<\/strong> \u00e0 son domicile <strong>\u00e0 patron d\u2019une entreprise<\/strong> qui g\u00e9n\u00e8re 16\u00a0millions d\u2019euros de chiffres d\u2019affaires en 2025, <strong>Antoine Serrurier<\/strong> n\u2019aura mis que 13\u00a0ans. Avec deux associ\u00e9s, Roman Ohier et Antoine Pinsard, il a fond\u00e9 il y a pile 10\u00a0ans <strong>Cocoonr<\/strong>, l\u2019un des leaders fran\u00e7ais de la location courte dur\u00e9e bas\u00e9 \u00e0 <a href=\"https:\/\/actu.fr\/rennes\/\" target=\"_blank\" rel=\"noopener\">Rennes<\/a>.<\/p>\n<p class=\"ac-article-content__question wall-content\"><strong class=\"color-primary\">Actu : <\/strong>Vous \u00eates \u00e0 l&rsquo;origine de Cocoonr. Comment vous est venue l&rsquo;id\u00e9e de cr\u00e9er cette entreprise ?<\/p>\n<p class=\" wall-content\"><strong class=\"color-primary\">Antoine Serrurier : <\/strong>En 2011, je travaille pour une marketplace de services \u00e0 domicile \u00e0 Rennes avec les autres cofondateurs de Cocoonr et, en 2012, il y a l&rsquo;arriv\u00e9e d&rsquo;Airbnb dans la capitale bretonne. Je suis le 17\u1d49 h\u00e9bergeur de la ville \u00e0 m&rsquo;inscrire sur la plateforme. On est encore loin de ce qu&rsquo;elle est devenue aujourd&rsquo;hui.<\/p>\n<p>De fil en aiguille, j&rsquo;ai trouv\u00e9 \u00e7a sympa. J&rsquo;ai accueilli des personnes pour une nuit, comme pour quelques semaines, voire mois. J&rsquo;ai poursuivi en mettant \u00e0 la location deux logements r\u00e9nov\u00e9s dans le centre-ville, que nous avons imagin\u00e9 avec ma femme comme des cocons, d&rsquo;o\u00f9 le nom Cocoonr.<\/p>\n<p>\u00c0 cette \u00e9poque, je g\u00e9rais \u00e7a sur mon temps libre. Petit \u00e0 petit, il y a d&rsquo;autres propri\u00e9taires et des proches qui m&rsquo;ont propos\u00e9 de g\u00e9rer leur(s) locations(s). J&rsquo;ai d&rsquo;abord refus\u00e9 quelques mois.<\/p>\n<p>Puis, en novembre 2014, Airbnb organise un grand rassemblement d&rsquo;h\u00e9bergeurs aux \u00c9tats-Unis auquel j&rsquo;assiste. C&rsquo;est l\u00e0 o\u00f9 je me suis rendu compte de l&rsquo;\u00e9cosyst\u00e8me qui \u00e9tait en train de se mettre en place et que j&rsquo;ai eu l&rsquo;id\u00e9e de fonder Cocoonr.<\/p>\n<p>J&rsquo;ai alors propos\u00e9 \u00e0 Roman Ohier et Antoine Pinsard de se lancer dans cette aventure. On s&rsquo;est laiss\u00e9 jusqu&rsquo;\u00e0 l&rsquo;\u00e9t\u00e9 2015 pour affiner le projet. Il a fallu recr\u00e9er des logiciels pour g\u00e9rer les locations et faire une s\u00e9lection de logements en privil\u00e9giant d&rsquo;abord la qualit\u00e9 des \u00e9quipements.<\/p>\n<p>On a commenc\u00e9 avec cinq logements, deux qui m&rsquo;appartenaient, et trois \u00e0 des clients. Fin 2016, on en comptait une trentaine. <\/p>\n<p class=\"ac-article-content__question wall-content\">C&rsquo;est quoi aujourd&rsquo;hui Cocoonr ? <\/p>\n<p class=\" wall-content\"><strong class=\"color-primary\">PDG de Cocoonr : <\/strong>Aujourd&rsquo;hui, nous comptons environ 5 000 logements et nous avons atteint notre millioni\u00e8me voyageur en 2025. Sur ces derni\u00e8res ann\u00e9es, on fait 25 \u00e0 30 % de croissance annuelle. Nous travaillons pour des propri\u00e9taires qui souhaitent mettre leurs biens en location de courte ou moyenne dur\u00e9e et nous offrons au plus grand nombre un choix de logements bien s\u00e9lectionn\u00e9s.<\/p>\n<p>Nous avons 150 collaborateurs, \u00e0 la fois au sein de notre nouveau si\u00e8ge, ici \u00e0 Rennes, et dans une vingtaine d&rsquo;agences partout en France. <\/p>\n<p>\u00c0 99 %, nous g\u00e9rons des meubl\u00e9s de tourisme. En moyenne, les locataires passent 5 \u00e0 6 nuits dans un logement. Dans la formule de gestion compl\u00e8te, le locataire ne peut pas rentrer en contact avec le propri\u00e9taire. Nous sommes le seul interlocuteur.<\/p>\n<p>Les logements que nous g\u00e9rons sont aussi r\u00e9f\u00e9renc\u00e9s sur Airbnb, Booking et Abritel par exemple. Nous captons 20 \u00e0 25 % de locataires directement via notre site. <\/p>\n<p class=\"ac-article-content__question wall-content\">Quel est votre business model ? Quel type de biens g\u00e9rez-vous ?<\/p>\n<p class=\" wall-content\"><strong class=\"color-primary\">PDG de Cocoonr : <\/strong>En 2025, nous faisons 16 millions d&rsquo;euros de chiffre d&rsquo;affaires sur un volume de r\u00e9servations de 75 millions d&rsquo;euros. Nous prenons en fait une commission sur les r\u00e9servations. Cette commission d\u00e9pend de la typologie du bien et des services que nous assurons. Mais, en moyenne, elle est de l&rsquo;ordre de 25 \u00e0 30 % sur le montant de la r\u00e9servation.<\/p>\n<p>On a des biens tr\u00e8s diff\u00e9rents en fonction du territoire. \u00c0 Rennes, on va avoir des appartements et quelques maisons, alors qu&rsquo;au Pays basque, nous avons 95 % de notre parc sur place qui est compos\u00e9 de maisons de grand standing.<\/p>\n<p>On choisit des biens plut\u00f4t haut de gamme et nous avons m\u00eame des biens dits \u00ab\u00a0de collection\u00a0\u00bb, qui repr\u00e9sentent 10 % de notre parc.<\/p>\n<p class=\"ac-article-content__question wall-content\">Vous cherchez encore \u00e0 vous d\u00e9velopper ?<\/p>\n<p class=\" wall-content\"><strong class=\"color-primary\">PDG de Cocoonr : <\/strong>Le march\u00e9 est d\u00e9j\u00e0 assez satur\u00e9 en centre-ville. Il y a beaucoup d&rsquo;afflux et donc beaucoup de r\u00e9glementations qui s&rsquo;est mise en place. On se positionne sur une offre de vacances ou de week-end, comme en outre-mer. Nous voudrions investir davantage la c\u00f4te Atlantique, notamment entre La Baule et La Rochelle.<\/p>\n<p>Nous avons aussi l&rsquo;objectif d&rsquo;\u00eatre pr\u00e9sent pour les Jeux olympiques d&rsquo;hiver 2030 dans les Alpes. Nous avons fait l&rsquo;acquisition de deux agences de gestion de r\u00e9sidence bien \u00e9tablies l\u00e0-bas en ce sens, \u00e0 Annecy et au Grand-Bornand. <\/p>\n<p>La Covid a \u00e9t\u00e9 un acc\u00e9l\u00e9rateur de la tendance chez les visiteurs \u00e0 avoir recours au logement ind\u00e9pendant. La location saisonni\u00e8re est m\u00eame pass\u00e9e devant le camping, en termes de nuit\u00e9es r\u00e9serv\u00e9es.<\/p>\n<p class=\"ac-article-content__question wall-content\">Comment s\u00e9lectionnez-vous les logements que vous proposez ?<\/p>\n<p class=\" wall-content\"><strong class=\"color-primary\">PDG de Cocoonr : <\/strong>Il faut savoir que l&rsquo;on refuse 90 % de ce qui se pr\u00e9sente. On regarde d&rsquo;abord la r\u00e9glementation locale et de la copropri\u00e9t\u00e9 quand c&rsquo;est le cas. Ensuite, on regarde les \u00e9quipements et leur qualit\u00e9 (literie, cuisine, douche, sanitaire, etc.), les travaux effectu\u00e9s, la facilit\u00e9 de la gestion. Ce que l&rsquo;on veut, c&rsquo;est que les clients se disent : \u00ab\u00a0C&rsquo;est encore mieux que chez moi.\u00a0\u00bb \u00c0 la montagne, on va v\u00e9rifier qu&rsquo;il y ait les appareils \u00e0 raclette et \u00e0 fondue dans un \u00e9tat irr\u00e9prochable par exemple.<\/p>\n<p>Pour cela, nous nous appuyons sur la vingtaine d&rsquo;agences en France, charg\u00e9es d&rsquo;aller v\u00e9rifier les biens, d&rsquo;organiser la gestion des plannings et des nombreux partenaires pour assurer la conciergerie des logements afin qu&rsquo;ils soient toujours disponibles. <\/p>\n<p>Votre r\u00e9gion, votre actu !<\/p>\n<p>Recevez chaque jour les infos qui comptent pour vous.<\/p>\n<p>\t<a href=\"https:\/\/actu.fr\/newsletter\" class=\"ac-btn ac-btn--corner ac-btn--medium ac-btn--blue800\" target=\"_blank\" rel=\"noopener\">S&rsquo;incrire<\/a><\/p>\n<p class=\"ac-article-content__question wall-content\">Comment se comportent les locataires au moment de r\u00e9server ?<\/p>\n<p class=\" wall-content\"><strong class=\"color-primary\">PDG de Cocoonr : <\/strong>50 % des r\u00e9servations ont lieu dans les 30 jours pr\u00e9c\u00e9dant le s\u00e9jour. C&rsquo;est ce que l&rsquo;on appelle la \u00ab\u00a0booking window\u00a0\u00bb et cette derni\u00e8re a tendance \u00e0 se raccourcir ann\u00e9e apr\u00e8s ann\u00e9e, car les gens se d\u00e9cident de plus en plus tard, parfois, \u00e0 la derni\u00e8re minute.<\/p>\n<p>Dans le cas contraire, on voit que, pour les s\u00e9jours au ski, les r\u00e9servations sont g\u00e9n\u00e9ralement faites six mois avant, voire d\u00e8s la fin du s\u00e9jour pour l&rsquo;ann\u00e9e suivante.<\/p>\n<p class=\" wall-content\">Personnalisez votre actualit\u00e9 en ajoutant vos villes et m\u00e9dias en favori avec <a href=\"https:\/\/moncompte.actu.fr\" title=\"D\u00e9couvez Mon Actu\" rel=\"nofollow noopener\" data-trk=\"{&quot;cta&quot;:{&quot;action&quot;:&quot;https:\\\/\\\/moncompte.actu.fr&quot;,&quot;category&quot;:&quot;mon compte&quot;,&quot;from&quot;:&quot;article footer&quot;,&quot;name&quot;:&quot;Mon actu&quot;,&quot;type&quot;:&quot;cta&quot;}}\" target=\"_blank\">Mon Actu<\/a>.<\/p>\n","protected":false},"excerpt":{"rendered":"Par Brian Le Goff Publi\u00e9 le 10 nov. 2025 \u00e0 11h00 Du simple loueur de chambres \u00e0 son&hellip;\n","protected":false},"author":2,"featured_media":524709,"comment_status":"","ping_status":"","sticky":false,"template":"","format":"standard","meta":{"footnotes":""},"categories":[2821],"tags":[1111,11,7345,829,33,1777,674,1011,27,1116,12,584,25],"class_list":{"0":"post-524708","1":"post","2":"type-post","3":"status-publish","4":"format-standard","5":"has-post-thumbnail","7":"category-rennes","8":"tag-actu","9":"tag-actualites","10":"tag-airbnb","11":"tag-bretagne","12":"tag-economie","13":"tag-eu","14":"tag-europe","15":"tag-fr","16":"tag-france","17":"tag-immobilier","18":"tag-news","19":"tag-rennes","20":"tag-republique-francaise"},"share_on_mastodon":{"url":"https:\/\/pubeurope.com\/@fr\/115524997372827497","error":""},"_links":{"self":[{"href":"https:\/\/www.europesays.com\/fr\/wp-json\/wp\/v2\/posts\/524708","targetHints":{"allow":["GET"]}}],"collection":[{"href":"https:\/\/www.europesays.com\/fr\/wp-json\/wp\/v2\/posts"}],"about":[{"href":"https:\/\/www.europesays.com\/fr\/wp-json\/wp\/v2\/types\/post"}],"author":[{"embeddable":true,"href":"https:\/\/www.europesays.com\/fr\/wp-json\/wp\/v2\/users\/2"}],"replies":[{"embeddable":true,"href":"https:\/\/www.europesays.com\/fr\/wp-json\/wp\/v2\/comments?post=524708"}],"version-history":[{"count":0,"href":"https:\/\/www.europesays.com\/fr\/wp-json\/wp\/v2\/posts\/524708\/revisions"}],"wp:featuredmedia":[{"embeddable":true,"href":"https:\/\/www.europesays.com\/fr\/wp-json\/wp\/v2\/media\/524709"}],"wp:attachment":[{"href":"https:\/\/www.europesays.com\/fr\/wp-json\/wp\/v2\/media?parent=524708"}],"wp:term":[{"taxonomy":"category","embeddable":true,"href":"https:\/\/www.europesays.com\/fr\/wp-json\/wp\/v2\/categories?post=524708"},{"taxonomy":"post_tag","embeddable":true,"href":"https:\/\/www.europesays.com\/fr\/wp-json\/wp\/v2\/tags?post=524708"}],"curies":[{"name":"wp","href":"https:\/\/api.w.org\/{rel}","templated":true}]}}